{"id":5496,"date":"2019-10-07T03:07:00","date_gmt":"2019-10-07T01:07:00","guid":{"rendered":"http:\/\/stanislasberton.com\/?p=5496"},"modified":"2025-01-16T18:51:20","modified_gmt":"2025-01-16T17:51:20","slug":"de-la-derniere-framboise-avant-la-fin-du-monde","status":"publish","type":"post","link":"https:\/\/stanislasberton.com\/index.php\/2019\/10\/07\/de-la-derniere-framboise-avant-la-fin-du-monde\/","title":{"rendered":"De la derni\u00e8re framboise avant la fin du monde"},"content":{"rendered":"\n<figure class=\"wp-block-image size-large is-resized\"><img loading=\"lazy\" decoding=\"async\" width=\"1024\" height=\"768\" src=\"http:\/\/stanislasberton.com\/wp-content\/uploads\/2025\/01\/caddie_geddes-1024x768.webp\" alt=\"\" class=\"wp-image-5497\" style=\"width:651px;height:auto\" srcset=\"https:\/\/stanislasberton.com\/wp-content\/uploads\/2025\/01\/caddie_geddes-1024x768.webp 1024w, https:\/\/stanislasberton.com\/wp-content\/uploads\/2025\/01\/caddie_geddes-300x225.webp 300w, https:\/\/stanislasberton.com\/wp-content\/uploads\/2025\/01\/caddie_geddes-768x576.webp 768w, https:\/\/stanislasberton.com\/wp-content\/uploads\/2025\/01\/caddie_geddes-620x465.webp 620w, https:\/\/stanislasberton.com\/wp-content\/uploads\/2025\/01\/caddie_geddes.webp 1456w\" sizes=\"auto, (max-width: 1024px) 100vw, 1024px\" \/><figcaption class=\"wp-element-caption\">Photo :Martin Geddes <\/figcaption><\/figure>\n\n\n\n<p>Article de Martin Geddes publi\u00e9 le 11 janvier 2024 sur Substack sous le titre original \u00ab&nbsp;<a href=\"https:\/\/newsletter.martingeddes.com\/p\/the-last-raspberry-from-tesco\">The last raspberry from Tesco<\/a>&nbsp;\u00bb. Traduit de l\u2019anglais par Stanislas Berton.<\/p>\n\n\n\n<p>Si j\u2019habitais en Ukraine, j\u2019aurais sans doute des pr\u00e9occupations plus importantes que l\u2019acc\u00e8s hors-saison \u00e0 des fruits rouges p\u00e9rissables. Mais ceci dit, si j\u2019habitais en Ukraine, il serait plus facile pour moi de \u00ab&nbsp;vendre&nbsp;\u00bb \u00e0 ma famille et \u00e0 mes voisins que le monde se trouve en plein milieu d\u2019une guerre conventionnelle et non-conventionnelle. Une des exp\u00e9riences les plus \u00e9tranges de l\u2019\u00e9poque actuelle est de refermer l\u2019ordinateur qui se trouve sur mon bureau, apr\u00e8s des heures pass\u00e9es \u00e0 travailler sur la poussi\u00e8re intelligente et les IA rebelles, pour ensuite me rendre au supermarch\u00e9 afin de remplir le frigo. J\u2019aime accompagner mon petit d\u00e9jeuner de framboises et de myrtilles, et \u00e9tant quelqu\u2019un de tr\u00e8s attach\u00e9 \u00e0 ses petites habitudes, je n\u2019aime pas tout ce qui peut venir perturber ma routine.<\/p>\n\n\n\n<p>Les soldats de la Premi\u00e8re Guerre mondiale pouvaient d\u00e9tecter la fum\u00e9e jaune et l\u2019odeur chimique d\u2019une attaque et crier \u00ab&nbsp;Gaz ! Gaz&nbsp;!&nbsp;\u00bb pour \u00eatre ensuite consid\u00e9r\u00e9s comme des h\u00e9ros. Durant la pand\u00e9mie de Covid, nous avons \u00e0 juste titre cri\u00e9 \u00ab&nbsp;Arme g\u00e9n\u00e9tique et bact\u00e9riologique&nbsp;! Arme g\u00e9n\u00e9tique et bact\u00e9riologique&nbsp;!&nbsp;\u00bb&nbsp; avec comme seul r\u00e9sultat de nous retrouver moqu\u00e9s, exclus et ali\u00e9n\u00e9s. Plus vous avez conscience des armes invisibles de cette guerre silencieuse, plus vous semblez fou \u00e0 ceux qui en sont les victimes. La vie devient un num\u00e9ro d\u2019\u00e9quilibriste entre deux r\u00e9alit\u00e9s tr\u00e8s distinctes&nbsp;: dans l\u2019une, des armes exotiques prennent le contr\u00f4le de toute vie biologique pour en r\u00e9\u00e9crire la d\u00e9finition&nbsp;; dans l\u2019autre, vous devez trouver une pi\u00e8ce pour votre voiture sur Ebay car le mod\u00e8le est trop vieux pour qu\u2019elle soit encore en stock. Il existe une friction permanente entre l\u2019extr\u00eame et l\u2019ordinaire qui ne cesse jamais.<\/p>\n\n\n\n<p>Ce grand \u00e9cart permanent finit par impacter votre sant\u00e9 mentale. Ceux qui font partie de la communaut\u00e9 du renseignement ont des taux tr\u00e8s \u00e9lev\u00e9s d\u2019alcoolisme, d\u2019addiction sexuelle ou de divorce car ils utilisent des fa\u00e7ons peu saines de faire diminuer le stress caus\u00e9 par le fait que leur travail clandestin leur impose une double vie. D\u2019autres se mettent \u00e0 \u00e9crire des romans car c\u2019est pour eux la seule fa\u00e7on de dire la v\u00e9rit\u00e9. Pour le reste d\u2019entre nous, la partie difficile \u00e0 g\u00e9rer est &nbsp;que nous pouvons crier les \u00ab&nbsp;secrets&nbsp;\u00bb sur tous les toits aussi forts que nous le voulons, peu de personnes sont pr\u00eates \u00e0 nous \u00e9couter. Nous devons admettre que nous sommes cern\u00e9s par toutes sortes de menaces invisibles et nous devons trouver des m\u00e9canismes compensatoires nous permettant de \u00ab&nbsp;devenir fous afin de rester sains d\u2019esprit&nbsp;\u00bb. \u00catre conscient des dangers de la vie ordinaire sans pour autant vivre dans la parano\u00efa demande un effort constant.<\/p>\n\n\n\n<p>Le supermarch\u00e9 lui-m\u00eame a des rayons entiers de produits toxiques auxquels je ne touche pas et malgr\u00e9 cela, il faut tout de m\u00eame trouver le moyen de se nourrir avec ce qu\u2019il reste. Suite au Covid, je vis dans la peur, tout \u00e0 fait raisonnable, qu\u2019une nouvelle salve de confinements arrive sans pr\u00e9venir, qu\u2019un krach financier ferme les commerces ou plus g\u00e9n\u00e9ralement que la soci\u00e9t\u00e9 soit confront\u00e9e \u00e0 une situation de \u00ab&nbsp;rupture de normalit\u00e9&nbsp;\u00bb. Tout ceci s\u2019est transform\u00e9 en obsession de ne pas \u00eatre pris au d\u00e9pourvu. Je ne peux pas supporter de voir mon frigo se vider. On y trouve toujours beaucoup de lait, souvent au-del\u00e0 de la date de p\u00e9remption. Les \u00e9tag\u00e8res du bas sont remplis de fromage. Et j\u2019ach\u00e8te souvent bien plus de viande que ce dont j\u2019ai vraiment besoin. Dans le cadre de cette violence psychologique auto-inflig\u00e9e, l\u2019id\u00e9e que je ne puisse pas avoir mes framboises au petit d\u00e9jeuner est devenu une sorte de totem repr\u00e9sentant l\u2019illusion du contr\u00f4le dans un contexte hors de tout contr\u00f4le.<\/p>\n\n\n\n<p>Un membre masculin de ma famille a grandi dans un foyer avec un p\u00e8re v\u00e9t\u00e9ran souffrant de stress post-traumatique, tout en ayant perdu sa m\u00e8re quand il \u00e9tait adolescent. \u00c0 un moment de sa vie, il s\u2019est mis \u00e0 acheter de fa\u00e7on compulsive des CD de musique classique et des chemises en promotion en guise de r\u00e9ponse \u00e0 un traumatisme non gu\u00e9ri. L\u2019attaque psychologique de nature militaire men\u00e9e contre nous en 2020-2021 a \u00e9galement des r\u00e9percussions sur notre sant\u00e9 dont les effets sont exacerb\u00e9s par le nombre de nos proches aspir\u00e9s par la folie collective et qui, s\u2019ils en sont toujours prisonniers, sont devenus pour nous des \u00e9trangers. Je scrute mes propres r\u00e9actions aux blessures invisibles de cette guerre furtive. Par exemple, je ne peux pas laisser le r\u00e9servoir de ma voiture \u00e0 moiti\u00e9 vide et je m\u2019assure d\u2019avoir toujours fait le plein, m\u00eame pour des petits trajets.<\/p>\n\n\n\n<p>Il est assez \u00e9vident que de profonds bouleversements sont en cours. Les gouvernements qui nous ont trahi seront renvers\u00e9s, les criminels qui nous ont bless\u00e9s devront rendre des comptes et de nouveau syst\u00e8mes d\u2019argent, d\u2019\u00e9nergie et de m\u00e9decine remplaceront ceux qui ont \u00e9chou\u00e9. Tout cela se d\u00e9roule selon une chronologie sur laquelle je n\u2019exerce aucun contr\u00f4le et sur laquelle je n\u2019ai aucune visibilit\u00e9. Jusqu\u2019\u00e0 ce que le dernier coup de sifflet retentisse et que le marathon soit termin\u00e9, chaque jour fait office de v\u00e9ritable test d\u2019endurance visant \u00e0 surmonter \u00ab&nbsp;le poison de la patience&nbsp;\u00bb. Des d\u00e9cisions de la vie de tous les jours, comme faire ou non de longs trajets pour aller voir des amis, deviennent, dans le cadre de cette guerre furtive, de grandes op\u00e9rations logistiques. Comme une femme battue, vous \u00eates toujours \u00e0 l\u2019aff\u00fbt de la prochaine \u00ab&nbsp;main lev\u00e9e&nbsp;\u00bb dans votre environnement pour anticiper le coup.<\/p>\n\n\n\n<p>La tentation est de chercher des r\u00e9ponses mat\u00e9rielles \u00e0 un probl\u00e8me de nature spirituelle. Mon vice personnel est d\u2019essayer de deviner le timing du \u00ab&nbsp;grand \u00e9v\u00e9nement&nbsp;\u00bb de fa\u00e7on \u00e0 pouvoir fi\u00e8rement m\u2019emparer de la \u00ab&nbsp;derni\u00e8re framboise de chez Tesco&nbsp;\u00bb [grande cha\u00eene de supermarch\u00e9 anglaise] avant la fin du monde. Je sais bien que ce n\u2019est pas rationnel. Je n\u2019ai pas r\u00e9ellement besoin d\u2019un fruit qui commence \u00e0 pourrir quelques secondes apr\u00e8s que je sois arriv\u00e9 \u00e0 la maison. Ces pr\u00e9occupations sont des dadas ou des petites manies qui permettent \u00e0 notre attention de se d\u00e9tourner des v\u00e9ritables horreurs auxquelles nous sommes quotidiennement confront\u00e9s&nbsp;: des armes \u00e0 \u00e9nergie int\u00e9gr\u00e9es au mobilier urbain, des rayons de la mort venus du ciel et au-del\u00e0, des nanorobots inject\u00e9s dans nos corps, des cochonneries pulv\u00e9ris\u00e9es dans les nuages et des choses bien pires encore. Nous avons \u00e9t\u00e9 t\u00e9moins de la corruption de la science mais nous n\u2019avons pas encore vu les moyens de la juguler.<\/p>\n\n\n\n<p>La n\u00e9cessit\u00e9 de faire des r\u00e9serves est une r\u00e9action instinctive face au risque d\u2019effondrement \u00e9conomique, voire de famine. Toute r\u00e9action \u00e0 ce risque, quelle soit celle du survivaliste forcen\u00e9 ou du parasite fantasque, peut se trouver justifi\u00e9e selon le choix s\u00e9lectif du sc\u00e9nario envisag\u00e9. J\u2019ai appris que se pr\u00e9parer \u00e0 un changement non conventionnel et impr\u00e9vu est davantage une question de pr\u00e9paration mentale ou spirituelle que mat\u00e9rielle. Si une alarme annon\u00e7ant une Troisi\u00e8me Guerre mondiale nucl\u00e9aire se mettait \u00e0 retentir, ma premi\u00e8re r\u00e9action serait de sourire \u00e0 cette m\u00e8re de toutes les psy-ops que serait l\u2019injonction \u00e0 \u00ab&nbsp;rentrer chez vous pour votre propre s\u00e9curit\u00e9&nbsp;\u00bb. Je n\u2019aurais m\u00eame pas besoin de courir pour rentrer chez moi avec mon stock de framboises fra\u00eeches et juteuses, achet\u00e9es id\u00e9alement quelques instants avant que les sir\u00e8nes se taisent et que les caisses ne soient ferm\u00e9es.<\/p>\n\n\n\n<p>Mon \u00ab&nbsp;besoin&nbsp;\u00bb de sur-remplir mon frigo me sert g\u00e9n\u00e9ralement \u00e0 camoufler un autre type de probl\u00e8me \u00e9motionnel. Je peux \u00eatre en train de faire le deuil d\u2019une relation perdue, d\u2019\u00eatre pr\u00e9occup\u00e9 par un probl\u00e8me de sant\u00e9 ou d\u2019\u00eatre stress\u00e9 par une interaction non d\u00e9sir\u00e9e avec un membre de l\u2019administration. J\u2019ai accept\u00e9 il y a longtemps que si le prix \u00e0 payer pour un sentiment de stabilit\u00e9 int\u00e9rieure \u00e9tait de g\u00e2cher un peu de nourriture, cela n\u2019\u00e9tait pas si grave. <strong>Personne n\u2019a jamais essay\u00e9 auparavant de combattre au sein d\u2019une alliance civile et militaire durant une guerre bio-informationnelle. <\/strong>Chacun d\u2019entre nous doit d\u00e9velopper ses propres techniques de survie mentale afin de pr\u00e9server notre capacit\u00e9 \u00e0 g\u00e9rer un flux, en apparence infini, d\u2019injustices et d\u2019incertitudes.<\/p>\n\n\n\n<p>Ma propre qu\u00eate pour m\u2019emparer de la \u00ab&nbsp;derni\u00e8re framboise de chez Tesco&nbsp;\u00bb (avant la fin de la civilisation telle que nous la connaissons) m\u2019appara\u00eet comme plut\u00f4t cocasse que chaotique, folle ou dysfonctionnelle. Peut-\u00eatre ferons-nous l\u2019exp\u00e9rience d\u2019un atterrissage en douceur et de telles catastrophes ne se produiront pas ; ou nous conna\u00eetrons un nouveau D\u00e9luge et mes comp\u00e9tences de devin et de chasseur-cueilleur de produits frais se trouveront justement r\u00e9compens\u00e9es. Mes pr\u00e9cieuses framboises symbolisent la vie dans cette guerre totalement folle pour lib\u00e9rer l\u2019humanit\u00e9 des cha\u00eenes de l\u2019esclavage&nbsp;: douces au palais si nous les manipulons avec pr\u00e9caution mais facilement ab\u00eem\u00e9es si nous n\u2019en prenons pas soin.<\/p>\n\n\n\n<p>Chacun a sans doute sa fa\u00e7on unique de g\u00e9rer le stress de ces derniers jours d\u2019attente de la fin de la l\u2019ancien monde. Nous sentons intuitivement qu\u2019un grand changement arrive et qu\u2019il affectera tout ce que nous connaissons. Des nombreux indices ont \u00e9t\u00e9 communiqu\u00e9s pour nous pr\u00e9parer mentalement \u00e0 cet \u00e9v\u00e9nement, sans pour autant d\u00e9voiler le timing op\u00e9rationnel. Nous avons le profond d\u00e9sir de nous r\u00e9concilier avec ceux dont nous avons \u00e9t\u00e9 s\u00e9par\u00e9s, de voir ceux qui nous ont nui rendre des comptes et de trouver la paix gr\u00e2ce \u00e0 la reconnaissance de notre prescience. En attendant, il y a des petits plaisirs qui nous aident \u00e0 tenir bon. Le mien \u00e9tant les framboises bien m\u00fbres de chez Tesco.<\/p>\n\n\n\n<p><strong>Pour aller plus loin: <\/strong><\/p>\n\n\n\n<p><a href=\"http:\/\/stanislasberton.com\/index.php\/2019\/10\/07\/de-la-guerre-invisible\/\">De la guerre invisible<\/a> (Martin Geddes)<\/p>\n\n\n\n<p><a href=\"http:\/\/stanislasberton.com\/index.php\/2019\/10\/07\/des-bonnes-questions\/\">Des bonnes questions<\/a> (Martin Geddes)<\/p>\n\n\n\n<p><em>Largement inconnu en France, Martin Geddes, auteur de <\/em><a href=\"https:\/\/www.martingeddes.com\/open-your-mind-to-change\/\"><em>plusieurs livres,<\/em><\/a><em> de dizaines d\u2019essais et d\u2019un travail colossal de r\u00e9information sur les r\u00e9seaux sociaux, est un des acteurs majeurs du Grand R\u00e9veil. Tous les \u00e9crits de Martin Geddes, libres de droits et en acc\u00e8s libre, peuvent \u00eatre consult\u00e9s <\/em><a href=\"https:\/\/www.martingeddes.com\/author\/martin\/\"><em>ici.<\/em><\/a><\/p>\n\n\n\n<p><\/p>\n\n\n\n<figure class=\"wp-block-embed is-type-video is-provider-youtube wp-block-embed-youtube wp-embed-aspect-16-9 wp-has-aspect-ratio\"><div class=\"wp-block-embed__wrapper\">\n<iframe loading=\"lazy\" title=\"LE DERNIER PUB AVANT LA FIN DU MONDE - Bande-annonce officielle VOST - Le 28 Ao\u00fbt au cin\u00e9ma\" width=\"620\" height=\"349\" src=\"https:\/\/www.youtube.com\/embed\/kE02K5G8nyA?feature=oembed\" frameborder=\"0\" allow=\"accelerometer; autoplay; clipboard-write; encrypted-media; gyroscope; picture-in-picture; web-share\" referrerpolicy=\"strict-origin-when-cross-origin\" allowfullscreen><\/iframe>\n<\/div><\/figure>\n","protected":false},"excerpt":{"rendered":"<p>Article de Martin Geddes publi\u00e9 le 11 janvier 2024 sur Substack sous le titre original \u00ab&nbsp;The last raspberry from Tesco&nbsp;\u00bb. Traduit de l\u2019anglais par Stanislas Berton. Si j\u2019habitais en Ukraine, j\u2019aurais sans doute des pr\u00e9occupations plus importantes que l\u2019acc\u00e8s hors-saison \u00e0 des fruits rouges p\u00e9rissables. Mais ceci dit, si j\u2019habitais en Ukraine, il serait plus [&hellip;]<\/p>\n","protected":false},"author":1,"featured_media":0,"comment_status":"open","ping_status":"open","sticky":false,"template":"","format":"standard","meta":{"footnotes":""},"categories":[3],"tags":[263,232,239],"class_list":["post-5496","post","type-post","status-publish","format-standard","hentry","category-psychologie","tag-fin-du-monde","tag-guerre-invisible","tag-martin-geddes"],"yoast_head":"<!-- This site is optimized with the Yoast SEO plugin v27.4 - https:\/\/yoast.com\/product\/yoast-seo-wordpress\/ -->\n<title>De la derni\u00e8re framboise avant la fin du monde - Stanislas BERTON<\/title>\n<meta name=\"robots\" content=\"index, follow, max-snippet:-1, max-image-preview:large, max-video-preview:-1\" \/>\n<link rel=\"canonical\" href=\"https:\/\/stanislasberton.com\/index.php\/2019\/10\/07\/de-la-derniere-framboise-avant-la-fin-du-monde\/\" \/>\n<meta property=\"og:locale\" content=\"en_US\" \/>\n<meta property=\"og:type\" content=\"article\" \/>\n<meta property=\"og:title\" content=\"De la derni\u00e8re framboise avant la fin du monde - Stanislas BERTON\" \/>\n<meta property=\"og:description\" content=\"Article de Martin Geddes publi\u00e9 le 11 janvier 2024 sur Substack sous le titre original \u00ab&nbsp;The last raspberry from Tesco&nbsp;\u00bb. Traduit de l\u2019anglais par Stanislas Berton. Si j\u2019habitais en Ukraine, j\u2019aurais sans doute des pr\u00e9occupations plus importantes que l\u2019acc\u00e8s hors-saison \u00e0 des fruits rouges p\u00e9rissables. Mais ceci dit, si j\u2019habitais en Ukraine, il serait plus [&hellip;]\" \/>\n<meta property=\"og:url\" content=\"https:\/\/stanislasberton.com\/index.php\/2019\/10\/07\/de-la-derniere-framboise-avant-la-fin-du-monde\/\" \/>\n<meta property=\"og:site_name\" content=\"Stanislas BERTON\" \/>\n<meta property=\"article:published_time\" content=\"2019-10-07T01:07:00+00:00\" \/>\n<meta property=\"article:modified_time\" content=\"2025-01-16T17:51:20+00:00\" \/>\n<meta property=\"og:image\" content=\"http:\/\/stanislasberton.com\/wp-content\/uploads\/2025\/01\/caddie_geddes-1024x768.webp\" \/>\n<meta name=\"author\" content=\"sberton\" \/>\n<meta name=\"twitter:card\" content=\"summary_large_image\" \/>\n<meta name=\"twitter:label1\" content=\"Written by\" \/>\n\t<meta name=\"twitter:data1\" content=\"sberton\" \/>\n\t<meta name=\"twitter:label2\" content=\"Est. reading time\" \/>\n\t<meta name=\"twitter:data2\" content=\"8 minutes\" \/>\n<script type=\"application\/ld+json\" class=\"yoast-schema-graph\">{\"@context\":\"https:\\\/\\\/schema.org\",\"@graph\":[{\"@type\":\"Article\",\"@id\":\"https:\\\/\\\/stanislasberton.com\\\/index.php\\\/2019\\\/10\\\/07\\\/de-la-derniere-framboise-avant-la-fin-du-monde\\\/#article\",\"isPartOf\":{\"@id\":\"https:\\\/\\\/stanislasberton.com\\\/index.php\\\/2019\\\/10\\\/07\\\/de-la-derniere-framboise-avant-la-fin-du-monde\\\/\"},\"author\":{\"name\":\"sberton\",\"@id\":\"https:\\\/\\\/stanislasberton.com\\\/#\\\/schema\\\/person\\\/35b8ff927e855a1e6c5cc1921d61e08c\"},\"headline\":\"De la derni\u00e8re framboise avant la fin du monde\",\"datePublished\":\"2019-10-07T01:07:00+00:00\",\"dateModified\":\"2025-01-16T17:51:20+00:00\",\"mainEntityOfPage\":{\"@id\":\"https:\\\/\\\/stanislasberton.com\\\/index.php\\\/2019\\\/10\\\/07\\\/de-la-derniere-framboise-avant-la-fin-du-monde\\\/\"},\"wordCount\":1912,\"commentCount\":0,\"publisher\":{\"@id\":\"https:\\\/\\\/stanislasberton.com\\\/#\\\/schema\\\/person\\\/35b8ff927e855a1e6c5cc1921d61e08c\"},\"image\":{\"@id\":\"https:\\\/\\\/stanislasberton.com\\\/index.php\\\/2019\\\/10\\\/07\\\/de-la-derniere-framboise-avant-la-fin-du-monde\\\/#primaryimage\"},\"thumbnailUrl\":\"http:\\\/\\\/stanislasberton.com\\\/wp-content\\\/uploads\\\/2025\\\/01\\\/caddie_geddes-1024x768.webp\",\"keywords\":[\"fin du monde\",\"guerre invisible\",\"Martin Geddes\"],\"articleSection\":[\"Psychologie\"],\"inLanguage\":\"en-US\",\"potentialAction\":[{\"@type\":\"CommentAction\",\"name\":\"Comment\",\"target\":[\"https:\\\/\\\/stanislasberton.com\\\/index.php\\\/2019\\\/10\\\/07\\\/de-la-derniere-framboise-avant-la-fin-du-monde\\\/#respond\"]}]},{\"@type\":\"WebPage\",\"@id\":\"https:\\\/\\\/stanislasberton.com\\\/index.php\\\/2019\\\/10\\\/07\\\/de-la-derniere-framboise-avant-la-fin-du-monde\\\/\",\"url\":\"https:\\\/\\\/stanislasberton.com\\\/index.php\\\/2019\\\/10\\\/07\\\/de-la-derniere-framboise-avant-la-fin-du-monde\\\/\",\"name\":\"De la derni\u00e8re framboise avant la fin du monde - Stanislas BERTON\",\"isPartOf\":{\"@id\":\"https:\\\/\\\/stanislasberton.com\\\/#website\"},\"primaryImageOfPage\":{\"@id\":\"https:\\\/\\\/stanislasberton.com\\\/index.php\\\/2019\\\/10\\\/07\\\/de-la-derniere-framboise-avant-la-fin-du-monde\\\/#primaryimage\"},\"image\":{\"@id\":\"https:\\\/\\\/stanislasberton.com\\\/index.php\\\/2019\\\/10\\\/07\\\/de-la-derniere-framboise-avant-la-fin-du-monde\\\/#primaryimage\"},\"thumbnailUrl\":\"http:\\\/\\\/stanislasberton.com\\\/wp-content\\\/uploads\\\/2025\\\/01\\\/caddie_geddes-1024x768.webp\",\"datePublished\":\"2019-10-07T01:07:00+00:00\",\"dateModified\":\"2025-01-16T17:51:20+00:00\",\"breadcrumb\":{\"@id\":\"https:\\\/\\\/stanislasberton.com\\\/index.php\\\/2019\\\/10\\\/07\\\/de-la-derniere-framboise-avant-la-fin-du-monde\\\/#breadcrumb\"},\"inLanguage\":\"en-US\",\"potentialAction\":[{\"@type\":\"ReadAction\",\"target\":[\"https:\\\/\\\/stanislasberton.com\\\/index.php\\\/2019\\\/10\\\/07\\\/de-la-derniere-framboise-avant-la-fin-du-monde\\\/\"]}]},{\"@type\":\"ImageObject\",\"inLanguage\":\"en-US\",\"@id\":\"https:\\\/\\\/stanislasberton.com\\\/index.php\\\/2019\\\/10\\\/07\\\/de-la-derniere-framboise-avant-la-fin-du-monde\\\/#primaryimage\",\"url\":\"https:\\\/\\\/stanislasberton.com\\\/wp-content\\\/uploads\\\/2025\\\/01\\\/caddie_geddes.webp\",\"contentUrl\":\"https:\\\/\\\/stanislasberton.com\\\/wp-content\\\/uploads\\\/2025\\\/01\\\/caddie_geddes.webp\",\"width\":1456,\"height\":1092},{\"@type\":\"BreadcrumbList\",\"@id\":\"https:\\\/\\\/stanislasberton.com\\\/index.php\\\/2019\\\/10\\\/07\\\/de-la-derniere-framboise-avant-la-fin-du-monde\\\/#breadcrumb\",\"itemListElement\":[{\"@type\":\"ListItem\",\"position\":1,\"name\":\"Home\",\"item\":\"https:\\\/\\\/stanislasberton.com\\\/\"},{\"@type\":\"ListItem\",\"position\":2,\"name\":\"De la derni\u00e8re framboise avant la fin du monde\"}]},{\"@type\":\"WebSite\",\"@id\":\"https:\\\/\\\/stanislasberton.com\\\/#website\",\"url\":\"https:\\\/\\\/stanislasberton.com\\\/\",\"name\":\"Stanislas BERTON\",\"description\":\"Quantum potes, tantum aude\",\"publisher\":{\"@id\":\"https:\\\/\\\/stanislasberton.com\\\/#\\\/schema\\\/person\\\/35b8ff927e855a1e6c5cc1921d61e08c\"},\"potentialAction\":[{\"@type\":\"SearchAction\",\"target\":{\"@type\":\"EntryPoint\",\"urlTemplate\":\"https:\\\/\\\/stanislasberton.com\\\/?s={search_term_string}\"},\"query-input\":{\"@type\":\"PropertyValueSpecification\",\"valueRequired\":true,\"valueName\":\"search_term_string\"}}],\"inLanguage\":\"en-US\"},{\"@type\":[\"Person\",\"Organization\"],\"@id\":\"https:\\\/\\\/stanislasberton.com\\\/#\\\/schema\\\/person\\\/35b8ff927e855a1e6c5cc1921d61e08c\",\"name\":\"sberton\",\"image\":{\"@type\":\"ImageObject\",\"inLanguage\":\"en-US\",\"@id\":\"https:\\\/\\\/secure.gravatar.com\\\/avatar\\\/fb8e1e50c000ff4ca889d1d62ef01059d7ab27264b271cefe3e51ae17f8f69af?s=96&r=g\",\"url\":\"https:\\\/\\\/secure.gravatar.com\\\/avatar\\\/fb8e1e50c000ff4ca889d1d62ef01059d7ab27264b271cefe3e51ae17f8f69af?s=96&r=g\",\"contentUrl\":\"https:\\\/\\\/secure.gravatar.com\\\/avatar\\\/fb8e1e50c000ff4ca889d1d62ef01059d7ab27264b271cefe3e51ae17f8f69af?s=96&r=g\",\"caption\":\"sberton\"},\"logo\":{\"@id\":\"https:\\\/\\\/secure.gravatar.com\\\/avatar\\\/fb8e1e50c000ff4ca889d1d62ef01059d7ab27264b271cefe3e51ae17f8f69af?s=96&r=g\"}}]}<\/script>\n<!-- \/ Yoast SEO plugin. -->","yoast_head_json":{"title":"De la derni\u00e8re framboise avant la fin du monde - Stanislas BERTON","robots":{"index":"index","follow":"follow","max-snippet":"max-snippet:-1","max-image-preview":"max-image-preview:large","max-video-preview":"max-video-preview:-1"},"canonical":"https:\/\/stanislasberton.com\/index.php\/2019\/10\/07\/de-la-derniere-framboise-avant-la-fin-du-monde\/","og_locale":"en_US","og_type":"article","og_title":"De la derni\u00e8re framboise avant la fin du monde - Stanislas BERTON","og_description":"Article de Martin Geddes publi\u00e9 le 11 janvier 2024 sur Substack sous le titre original \u00ab&nbsp;The last raspberry from Tesco&nbsp;\u00bb. Traduit de l\u2019anglais par Stanislas Berton. Si j\u2019habitais en Ukraine, j\u2019aurais sans doute des pr\u00e9occupations plus importantes que l\u2019acc\u00e8s hors-saison \u00e0 des fruits rouges p\u00e9rissables. Mais ceci dit, si j\u2019habitais en Ukraine, il serait plus [&hellip;]","og_url":"https:\/\/stanislasberton.com\/index.php\/2019\/10\/07\/de-la-derniere-framboise-avant-la-fin-du-monde\/","og_site_name":"Stanislas BERTON","article_published_time":"2019-10-07T01:07:00+00:00","article_modified_time":"2025-01-16T17:51:20+00:00","og_image":[{"url":"http:\/\/stanislasberton.com\/wp-content\/uploads\/2025\/01\/caddie_geddes-1024x768.webp","type":"","width":"","height":""}],"author":"sberton","twitter_card":"summary_large_image","twitter_misc":{"Written by":"sberton","Est. reading time":"8 minutes"},"schema":{"@context":"https:\/\/schema.org","@graph":[{"@type":"Article","@id":"https:\/\/stanislasberton.com\/index.php\/2019\/10\/07\/de-la-derniere-framboise-avant-la-fin-du-monde\/#article","isPartOf":{"@id":"https:\/\/stanislasberton.com\/index.php\/2019\/10\/07\/de-la-derniere-framboise-avant-la-fin-du-monde\/"},"author":{"name":"sberton","@id":"https:\/\/stanislasberton.com\/#\/schema\/person\/35b8ff927e855a1e6c5cc1921d61e08c"},"headline":"De la derni\u00e8re framboise avant la fin du monde","datePublished":"2019-10-07T01:07:00+00:00","dateModified":"2025-01-16T17:51:20+00:00","mainEntityOfPage":{"@id":"https:\/\/stanislasberton.com\/index.php\/2019\/10\/07\/de-la-derniere-framboise-avant-la-fin-du-monde\/"},"wordCount":1912,"commentCount":0,"publisher":{"@id":"https:\/\/stanislasberton.com\/#\/schema\/person\/35b8ff927e855a1e6c5cc1921d61e08c"},"image":{"@id":"https:\/\/stanislasberton.com\/index.php\/2019\/10\/07\/de-la-derniere-framboise-avant-la-fin-du-monde\/#primaryimage"},"thumbnailUrl":"http:\/\/stanislasberton.com\/wp-content\/uploads\/2025\/01\/caddie_geddes-1024x768.webp","keywords":["fin du monde","guerre invisible","Martin Geddes"],"articleSection":["Psychologie"],"inLanguage":"en-US","potentialAction":[{"@type":"CommentAction","name":"Comment","target":["https:\/\/stanislasberton.com\/index.php\/2019\/10\/07\/de-la-derniere-framboise-avant-la-fin-du-monde\/#respond"]}]},{"@type":"WebPage","@id":"https:\/\/stanislasberton.com\/index.php\/2019\/10\/07\/de-la-derniere-framboise-avant-la-fin-du-monde\/","url":"https:\/\/stanislasberton.com\/index.php\/2019\/10\/07\/de-la-derniere-framboise-avant-la-fin-du-monde\/","name":"De la derni\u00e8re framboise avant la fin du monde - Stanislas BERTON","isPartOf":{"@id":"https:\/\/stanislasberton.com\/#website"},"primaryImageOfPage":{"@id":"https:\/\/stanislasberton.com\/index.php\/2019\/10\/07\/de-la-derniere-framboise-avant-la-fin-du-monde\/#primaryimage"},"image":{"@id":"https:\/\/stanislasberton.com\/index.php\/2019\/10\/07\/de-la-derniere-framboise-avant-la-fin-du-monde\/#primaryimage"},"thumbnailUrl":"http:\/\/stanislasberton.com\/wp-content\/uploads\/2025\/01\/caddie_geddes-1024x768.webp","datePublished":"2019-10-07T01:07:00+00:00","dateModified":"2025-01-16T17:51:20+00:00","breadcrumb":{"@id":"https:\/\/stanislasberton.com\/index.php\/2019\/10\/07\/de-la-derniere-framboise-avant-la-fin-du-monde\/#breadcrumb"},"inLanguage":"en-US","potentialAction":[{"@type":"ReadAction","target":["https:\/\/stanislasberton.com\/index.php\/2019\/10\/07\/de-la-derniere-framboise-avant-la-fin-du-monde\/"]}]},{"@type":"ImageObject","inLanguage":"en-US","@id":"https:\/\/stanislasberton.com\/index.php\/2019\/10\/07\/de-la-derniere-framboise-avant-la-fin-du-monde\/#primaryimage","url":"https:\/\/stanislasberton.com\/wp-content\/uploads\/2025\/01\/caddie_geddes.webp","contentUrl":"https:\/\/stanislasberton.com\/wp-content\/uploads\/2025\/01\/caddie_geddes.webp","width":1456,"height":1092},{"@type":"BreadcrumbList","@id":"https:\/\/stanislasberton.com\/index.php\/2019\/10\/07\/de-la-derniere-framboise-avant-la-fin-du-monde\/#breadcrumb","itemListElement":[{"@type":"ListItem","position":1,"name":"Home","item":"https:\/\/stanislasberton.com\/"},{"@type":"ListItem","position":2,"name":"De la derni\u00e8re framboise avant la fin du monde"}]},{"@type":"WebSite","@id":"https:\/\/stanislasberton.com\/#website","url":"https:\/\/stanislasberton.com\/","name":"Stanislas BERTON","description":"Quantum potes, tantum aude","publisher":{"@id":"https:\/\/stanislasberton.com\/#\/schema\/person\/35b8ff927e855a1e6c5cc1921d61e08c"},"potentialAction":[{"@type":"SearchAction","target":{"@type":"EntryPoint","urlTemplate":"https:\/\/stanislasberton.com\/?s={search_term_string}"},"query-input":{"@type":"PropertyValueSpecification","valueRequired":true,"valueName":"search_term_string"}}],"inLanguage":"en-US"},{"@type":["Person","Organization"],"@id":"https:\/\/stanislasberton.com\/#\/schema\/person\/35b8ff927e855a1e6c5cc1921d61e08c","name":"sberton","image":{"@type":"ImageObject","inLanguage":"en-US","@id":"https:\/\/secure.gravatar.com\/avatar\/fb8e1e50c000ff4ca889d1d62ef01059d7ab27264b271cefe3e51ae17f8f69af?s=96&r=g","url":"https:\/\/secure.gravatar.com\/avatar\/fb8e1e50c000ff4ca889d1d62ef01059d7ab27264b271cefe3e51ae17f8f69af?s=96&r=g","contentUrl":"https:\/\/secure.gravatar.com\/avatar\/fb8e1e50c000ff4ca889d1d62ef01059d7ab27264b271cefe3e51ae17f8f69af?s=96&r=g","caption":"sberton"},"logo":{"@id":"https:\/\/secure.gravatar.com\/avatar\/fb8e1e50c000ff4ca889d1d62ef01059d7ab27264b271cefe3e51ae17f8f69af?s=96&r=g"}}]}},"_links":{"self":[{"href":"https:\/\/stanislasberton.com\/index.php\/wp-json\/wp\/v2\/posts\/5496","targetHints":{"allow":["GET"]}}],"collection":[{"href":"https:\/\/stanislasberton.com\/index.php\/wp-json\/wp\/v2\/posts"}],"about":[{"href":"https:\/\/stanislasberton.com\/index.php\/wp-json\/wp\/v2\/types\/post"}],"author":[{"embeddable":true,"href":"https:\/\/stanislasberton.com\/index.php\/wp-json\/wp\/v2\/users\/1"}],"replies":[{"embeddable":true,"href":"https:\/\/stanislasberton.com\/index.php\/wp-json\/wp\/v2\/comments?post=5496"}],"version-history":[{"count":8,"href":"https:\/\/stanislasberton.com\/index.php\/wp-json\/wp\/v2\/posts\/5496\/revisions"}],"predecessor-version":[{"id":5508,"href":"https:\/\/stanislasberton.com\/index.php\/wp-json\/wp\/v2\/posts\/5496\/revisions\/5508"}],"wp:attachment":[{"href":"https:\/\/stanislasberton.com\/index.php\/wp-json\/wp\/v2\/media?parent=5496"}],"wp:term":[{"taxonomy":"category","embeddable":true,"href":"https:\/\/stanislasberton.com\/index.php\/wp-json\/wp\/v2\/categories?post=5496"},{"taxonomy":"post_tag","embeddable":true,"href":"https:\/\/stanislasberton.com\/index.php\/wp-json\/wp\/v2\/tags?post=5496"}],"curies":[{"name":"wp","href":"https:\/\/api.w.org\/{rel}","templated":true}]}}