{"id":5286,"date":"2019-11-16T16:15:00","date_gmt":"2019-11-16T15:15:00","guid":{"rendered":"http:\/\/stanislasberton.com\/?p=5286"},"modified":"2024-04-15T11:03:28","modified_gmt":"2024-04-15T09:03:28","slug":"du-projet-mondialiste","status":"publish","type":"post","link":"http:\/\/stanislasberton.com\/index.php\/2019\/11\/16\/du-projet-mondialiste\/","title":{"rendered":"Du projet mondialiste"},"content":{"rendered":"\n<figure class=\"wp-block-image size-large is-resized\"><img loading=\"lazy\" decoding=\"async\" width=\"1024\" height=\"683\" src=\"http:\/\/stanislasberton.com\/wp-content\/uploads\/2024\/04\/Nwo_dollar-1024x683.jpg\" alt=\"\" class=\"wp-image-5330\" style=\"width:571px;height:auto\" srcset=\"http:\/\/stanislasberton.com\/wp-content\/uploads\/2024\/04\/Nwo_dollar-1024x683.jpg 1024w, http:\/\/stanislasberton.com\/wp-content\/uploads\/2024\/04\/Nwo_dollar-300x200.jpg 300w, http:\/\/stanislasberton.com\/wp-content\/uploads\/2024\/04\/Nwo_dollar-768x512.jpg 768w, http:\/\/stanislasberton.com\/wp-content\/uploads\/2024\/04\/Nwo_dollar-620x413.jpg 620w, http:\/\/stanislasberton.com\/wp-content\/uploads\/2024\/04\/Nwo_dollar.jpg 1200w\" sizes=\"auto, (max-width: 1024px) 100vw, 1024px\" \/><\/figure>\n\n\n\n<p>\u00ab&nbsp;Si on me donne six heures pour couper un arbre, je passerai les quatre premi\u00e8res \u00e0 aiguiser ma hache.&nbsp;\u00bb Abraham Lincoln<\/p>\n\n\n\n<p>Si un nombre croissant d\u2019habitants de l\u2019Occident commencent \u00e0 ouvrir les yeux sur l\u2019existence de l\u2019oligarchie mondialiste et la r\u00e9alit\u00e9 de son projet, cette prise de conscience est souvent parcellaire et repose sur la d\u00e9couverte des mensonges qui entourent un aspect sp\u00e9cifique, comme la gestion de la crise Covid, la propagande sur le \u00ab&nbsp;r\u00e9chauffement climatique&nbsp;\u00bb ou la promotion de la \u00ab&nbsp;diversit\u00e9&nbsp;\u00bb. Or, pour lutter efficacement contre le mondialisme dans le cadre de cette guerre hors limites qu\u2019il m\u00e8ne aux peuples du monde, il est n\u00e9cessaire de comprendre le projet dans sa globalit\u00e9, sa coh\u00e9rence et surtout, dans sa volont\u00e9 d&#8217;obtenir le consentement des populations \u00e0 sa mise en place. <\/p>\n\n\n\n<p><strong>Politique<\/strong><\/p>\n\n\n\n<p>Le mondialisme a pour objectif de d\u00e9truire les \u00c9tats-nations historiques pour les remplacer par une gouvernance mondiale. Pour ce faire, il va peu \u00e0 peu priver les \u00c9tats de leurs attributs r\u00e9galiens (monnaie, loi, fronti\u00e8re, justice, arm\u00e9e) pour les confier \u00e0 des institutions supranationales, comme l\u2019Union Europ\u00e9enne ou l\u2019OTAN. Dans le m\u00eame temps, il va renforcer ces institutions en leur donnant des pouvoirs et des pr\u00e9rogatives \u00e9tendus, comme dans le cas du R\u00e8glement sanitaire international (RSI) qui donnera la possibilit\u00e9 \u00e0 l\u2019OMS d\u2019imposer ses r\u00e8gles aux \u00c9tats lors d\u2019une prochaine crise pand\u00e9mique dont la gravit\u00e9 sera \u00e9valu\u00e9e&#8230;par l\u2019OMS. Pour finir, notons que le soutien aux mouvements r\u00e9gionalistes ou ind\u00e9pendantistes s\u2019inscrit dans cette strat\u00e9gie de destruction des \u00c9tats-nations historiques par le mondialisme avec, dans le cas de l\u2019Europe, des r\u00e9gions destin\u00e9es \u00e0 \u00eatre gouvern\u00e9es directement par Bruxelles, une dynamique que l\u2019on retrouve \u00e0 l\u2019\u0153uvre avec la collectivit\u00e9 europ\u00e9enne d\u2019Alsace (2021) ou encore dans le soutien \u00e0 l\u2019ind\u00e9pendantisme catalan.<\/p>\n\n\n<div class=\"wp-block-image\">\n<figure class=\"aligncenter size-large is-resized\"><img loading=\"lazy\" decoding=\"async\" width=\"1024\" height=\"1024\" src=\"http:\/\/stanislasberton.com\/wp-content\/uploads\/2024\/04\/Rockefeller_NWO-1024x1024.jpg\" alt=\"\" class=\"wp-image-5292\" style=\"width:408px;height:auto\" srcset=\"http:\/\/stanislasberton.com\/wp-content\/uploads\/2024\/04\/Rockefeller_NWO-1024x1024.jpg 1024w, http:\/\/stanislasberton.com\/wp-content\/uploads\/2024\/04\/Rockefeller_NWO-300x300.jpg 300w, http:\/\/stanislasberton.com\/wp-content\/uploads\/2024\/04\/Rockefeller_NWO-150x150.jpg 150w, http:\/\/stanislasberton.com\/wp-content\/uploads\/2024\/04\/Rockefeller_NWO-768x768.jpg 768w, http:\/\/stanislasberton.com\/wp-content\/uploads\/2024\/04\/Rockefeller_NWO-620x620.jpg 620w, http:\/\/stanislasberton.com\/wp-content\/uploads\/2024\/04\/Rockefeller_NWO.jpg 1080w\" sizes=\"auto, (max-width: 1024px) 100vw, 1024px\" \/><\/figure>\n<\/div>\n\n\n<p><\/p>\n\n\n\n<p><strong>Religieux<\/strong><\/p>\n\n\n\n<p>Le mondialisme a pour objectif de d\u00e9truire les grands monoth\u00e9ismes et les religions r\u00e9v\u00e9l\u00e9es pour les remplacer par une religion mondiale inspir\u00e9e par les principes du noachisme<a id=\"sdfootnote1anc\" href=\"#sdfootnote1sym\"><sup>1<\/sup><\/a>. Pour ce faire, le mondialisme a d\u00e9velopp\u00e9 la promotion de l\u2019\u0153cum\u00e9nisme, du dialogue inter-religieux ainsi que toutes les croyances \u00ab\u00a0alternatives\u00a0\u00bb, toutes ces pratiques spirituelles \u00e9tant pr\u00e9sent\u00e9es comme l\u00e9gitimes et proc\u00e9dant d\u2019une origine commune. Ce projet a conduit le mondialisme \u00e0 mener une guerre sans merci au catholicisme et \u00e0 l\u2019\u00c9glise, religion et institution per\u00e7ues, \u00e0 juste titre, comme les principaux obstacles \u00e0 l\u2019av\u00e8nement d\u2019une religion mondiale. Pour finir, rappelons que les mondialistes sont des adeptes de l\u2019occulte et d\u2019une religion lucif\u00e9rienne fond\u00e9e sur l\u2019initiation et \u00ab\u00a0l\u2019union des oppos\u00e9s, du macrocosme avec le microcosme, du masculin avec le f\u00e9minin, de l\u2019\u00e9go avec le non-ego.\u00a0\u00bb (Aleister Crowley).<\/p>\n\n\n<div class=\"wp-block-image\">\n<figure class=\"aligncenter size-full is-resized\"><img loading=\"lazy\" decoding=\"async\" width=\"730\" height=\"450\" src=\"http:\/\/stanislasberton.com\/wp-content\/uploads\/2024\/04\/interreligieux-730x450-2655933665.jpg\" alt=\"\" class=\"wp-image-5302\" style=\"width:532px;height:auto\" srcset=\"http:\/\/stanislasberton.com\/wp-content\/uploads\/2024\/04\/interreligieux-730x450-2655933665.jpg 730w, http:\/\/stanislasberton.com\/wp-content\/uploads\/2024\/04\/interreligieux-730x450-2655933665-300x185.jpg 300w, http:\/\/stanislasberton.com\/wp-content\/uploads\/2024\/04\/interreligieux-730x450-2655933665-620x382.jpg 620w\" sizes=\"auto, (max-width: 730px) 100vw, 730px\" \/><figcaption class=\"wp-element-caption\">Premi\u00e8re journ\u00e9e de rencontre interreligieuse d&#8217;Assise le 27 octobre 1986<\/figcaption><\/figure>\n<\/div>\n\n\n<p><\/p>\n\n\n\n<p><strong>D\u00e9population<\/strong><\/p>\n\n\n\n<p>Le projet mondialiste vise \u00e0 diminuer de fa\u00e7on significative le nombre d\u2019habitants sur la plan\u00e8te avec une population mondiale stabilis\u00e9e entre cinq cent millions et un milliard de personnes<a id=\"sdfootnote2anc\" href=\"#sdfootnote2sym\"><sup>2<\/sup><\/a>. Pour atteindre ce but, le mondialisme va utiliser diff\u00e9rentes m\u00e9thodes\u00a0: guerres, avortement, euthanasie, empoisonnement de l\u2019eau ou de l\u2019alimentation, st\u00e9rilisation par des traitements m\u00e9dicaux ou des vaccins, soutien aux mouvements transgenre ou LGBT ainsi que la promotion de pratiques comme la vasectomie. Pour rendre acceptable ce projet, le mondialisme va en parall\u00e8le diffuser une propagande avertissant des dangers de la surpopulation et de l\u2019\u00e9puisement des ressources naturelles, comme dans le cas des th\u00e8ses diffus\u00e9es par l\u2019agent mondialiste Dennis Meadows et le Club de Rome. Pour un expos\u00e9 complet sur ce sujet, la lecture du livre \u00ab\u00a0Globalisme et D\u00e9population\u00a0\u00bb de Pierre-Antoine Plaquevent est recommand\u00e9e.<\/p>\n\n\n\n<figure class=\"wp-block-embed aligncenter is-type-video is-provider-youtube wp-block-embed-youtube wp-embed-aspect-16-9 wp-has-aspect-ratio\"><div class=\"wp-block-embed__wrapper\">\n<iframe loading=\"lazy\" title=\"Dennis Meadows: How the Population Must be Reduced to 1-2 billion, Achieved with Epidemics\" width=\"620\" height=\"349\" src=\"https:\/\/www.youtube.com\/embed\/ojK05pVOlhs?feature=oembed\" frameborder=\"0\" allow=\"accelerometer; autoplay; clipboard-write; encrypted-media; gyroscope; picture-in-picture; web-share\" referrerpolicy=\"strict-origin-when-cross-origin\" allowfullscreen><\/iframe>\n<\/div><figcaption class=\"wp-element-caption\">&#8220;La population doit \u00eatre r\u00e9duite \u00e0 environ un milliard. Cela peut se faire de mani\u00e8re civile.&#8221; <\/figcaption><\/figure>\n\n\n\n<p><\/p>\n\n\n\n<p><strong>Propri\u00e9t\u00e9 priv\u00e9e<\/strong><\/p>\n\n\n\n<p>Inspir\u00e9 par le socialisme fabien, le mondialisme a pour objectif l\u2019abolition de la propri\u00e9t\u00e9 priv\u00e9e. Pour ce faire, il utilisa par le pass\u00e9 l\u2019id\u00e9ologie marxiste et d\u00e9sormais, la lutte contre le \u00ab\u00a0r\u00e9chauffement climatique\u00a0\u00bb pour justifier la collectivisation progressive des biens appartenant \u00e0 des personnes priv\u00e9es. Ce projet se trouve compl\u00e9t\u00e9 par la mise sous tutelle progressive des \u00c9tats par la dette, dette dont le remboursement exigera \u00e0 terme la saisie des biens et des actifs financiers des particuliers par l\u2019\u00c9tat. Pour le mondialisme, la soci\u00e9t\u00e9 id\u00e9ale est celle de la location permanente o\u00f9 l\u2019activit\u00e9 \u00e9conomique ind\u00e9pendante n\u2019existe plus, celle-ci ayant \u00e9t\u00e9 enti\u00e8rement absorb\u00e9e par des grands groupes agricoles, industriels ou commerciaux transnationaux dans lesquels l\u2019automatisation et la robotisation joueront un r\u00f4le central, et o\u00f9 la plupart des fonctions r\u00e9galiennes auront \u00e9t\u00e9 transf\u00e9r\u00e9s \u00e0 des entit\u00e9s de droit priv\u00e9.<\/p>\n\n\n<div class=\"wp-block-image\">\n<figure class=\"aligncenter size-large is-resized\"><img loading=\"lazy\" decoding=\"async\" width=\"1024\" height=\"1024\" src=\"http:\/\/stanislasberton.com\/wp-content\/uploads\/2024\/04\/rockefeller_business-1024x1024.jpg\" alt=\"\" class=\"wp-image-5301\" style=\"width:466px;height:auto\" srcset=\"http:\/\/stanislasberton.com\/wp-content\/uploads\/2024\/04\/rockefeller_business-1024x1024.jpg 1024w, http:\/\/stanislasberton.com\/wp-content\/uploads\/2024\/04\/rockefeller_business-300x300.jpg 300w, http:\/\/stanislasberton.com\/wp-content\/uploads\/2024\/04\/rockefeller_business-150x150.jpg 150w, http:\/\/stanislasberton.com\/wp-content\/uploads\/2024\/04\/rockefeller_business-768x768.jpg 768w, http:\/\/stanislasberton.com\/wp-content\/uploads\/2024\/04\/rockefeller_business-620x620.jpg 620w, http:\/\/stanislasberton.com\/wp-content\/uploads\/2024\/04\/rockefeller_business.jpg 1080w\" sizes=\"auto, (max-width: 1024px) 100vw, 1024px\" \/><\/figure>\n<\/div>\n\n\n<p><\/p>\n\n\n\n<p><strong>Technologie<\/strong><\/p>\n\n\n\n<p>\u00c0 partir des ann\u00e9es cinquante, notamment via le d\u00e9veloppement de la cybern\u00e9tique, le mondialisme a entrepris de d\u00e9velopper les moyens techniques pour r\u00e9aliser son projet et d\u00e9velopper son syst\u00e8me de contr\u00f4le. Les avanc\u00e9es consid\u00e9rables effectu\u00e9es dans le domaine de l\u2019informatique, de l\u2019IA, de la robotique et de l\u2019automatisation doivent en effet permettre le remplacement d&#8217;un grand nombre de professions par des machines, de la caissi\u00e8re de supermarch\u00e9 jusqu\u2019au militaire, en passant par le comptable ou l\u2019avocat. \u00c0 terme, l\u2019IA devrait m\u00eame \u00eatre capable d\u2019effectuer certaines t\u00e2ches cr\u00e9atives comme la g\u00e9n\u00e9ration d\u2019images ou de contenu multim\u00e9dia. En 2024, au Forum de Davos, Klaus Schwab alla m\u00eame jusqu\u2019\u00e0 <a href=\"https:\/\/slaynews.com\/news\/wef-calls-ai-replace-voters-elections\/\">d\u00e9clarer<\/a> que l\u2019IA allait rendre la d\u00e9mocratie obsol\u00e8te car cette technologie permettrait une surveillance en temps r\u00e9el de l\u2019opinion publique et le vote des lois en cons\u00e9quence. Dans le m\u00eame temps, le d\u00e9veloppement de l\u2019informatique, l\u2019augmentation des capacit\u00e9s de traitement et de stockage ainsi que la miniaturisation des composants ont permis de connecter la quasi totalit\u00e9 de la population de la plan\u00e8te \u00e0 des machines (ordinateurs, smartphones) et d\u2019utiliser la masse de donn\u00e9es g\u00e9n\u00e9r\u00e9es pour former l\u2019IA via le <em>machine learning<\/em>. Pour finir, rappelons que l\u2019IA et l\u2019automatisation ont pour objectif de permettre et justifier la d\u00e9population: le progr\u00e8s technique permettra de se passer des \u00ab\u00a0inutiles\u00a0\u00bb.<\/p>\n\n\n\n<figure class=\"wp-block-embed is-type-video is-provider-youtube wp-block-embed-youtube wp-embed-aspect-16-9 wp-has-aspect-ratio\"><div class=\"wp-block-embed__wrapper\">\n<iframe loading=\"lazy\" title=\"Tesla Bot Optimus is folding laundry!\" width=\"620\" height=\"349\" src=\"https:\/\/www.youtube.com\/embed\/pycyMUQwiNs?feature=oembed\" frameborder=\"0\" allow=\"accelerometer; autoplay; clipboard-write; encrypted-media; gyroscope; picture-in-picture; web-share\" referrerpolicy=\"strict-origin-when-cross-origin\" allowfullscreen><\/iframe>\n<\/div><\/figure>\n\n\n\n<p><\/p>\n\n\n\n<p><strong>Urbanisme<\/strong><\/p>\n\n\n\n<p>Le mondialisme cherche \u00e0 concentrer des populations dans des grands ensembles urbains o\u00f9 seront d\u00e9ploy\u00e9es des technologies de surveillance et de contr\u00f4le avanc\u00e9es. Pr\u00e9sent\u00e9es comme des havres de paix et de s\u00e9curit\u00e9 \u00e9co-responsables, ces villes connect\u00e9es ou dites de \u00ab15 minutes\u00a0\u00bb seront en r\u00e9alit\u00e9 des prisons \u00e0 ciel ouvert dans lesquelles les individus se trouveront sous le contr\u00f4le de l\u2019\u00c9tat et de grandes entreprises transnationales qui maitriseront enti\u00e8rement l\u2019acc\u00e8s \u00e0 l\u2019alimentation, aux soins, aux activit\u00e9s \u00e9conomiques et aux transports. Connect\u00e9s en permanence aux r\u00e9seaux gr\u00e2ce \u00e0 leurs smartphones, leurs objets connect\u00e9s et m\u00eame leurs implants, les habitants de ces cit\u00e9s mondialistes feront l\u2019objet d\u2019une surveillance permanente, y compris biom\u00e9dicale. Ce projet permet de mieux comprendre la destruction du monde paysan, la disparition des services publics en zone rurale, la d\u00e9veloppement des monnaies num\u00e9riques et la mise en place de syst\u00e8mes de surveillance telles que la reconnaissance faciale.<\/p>\n\n\n<div class=\"wp-block-image\">\n<figure class=\"aligncenter size-large is-resized\"><img loading=\"lazy\" decoding=\"async\" width=\"1024\" height=\"538\" src=\"http:\/\/stanislasberton.com\/wp-content\/uploads\/2024\/04\/15-min_city-1024x538.jpg\" alt=\"\" class=\"wp-image-5297\" style=\"width:646px;height:auto\" srcset=\"http:\/\/stanislasberton.com\/wp-content\/uploads\/2024\/04\/15-min_city-1024x538.jpg 1024w, http:\/\/stanislasberton.com\/wp-content\/uploads\/2024\/04\/15-min_city-300x158.jpg 300w, http:\/\/stanislasberton.com\/wp-content\/uploads\/2024\/04\/15-min_city-768x403.jpg 768w, http:\/\/stanislasberton.com\/wp-content\/uploads\/2024\/04\/15-min_city-620x326.jpg 620w, http:\/\/stanislasberton.com\/wp-content\/uploads\/2024\/04\/15-min_city.jpg 1200w\" sizes=\"auto, (max-width: 1024px) 100vw, 1024px\" \/><\/figure>\n<\/div>\n\n\n<p><strong>Immigration de masse<\/strong><\/p>\n\n\n\n<p>Le mondialisme utilise les ph\u00e9nom\u00e8nes migratoires pour d\u00e9stabiliser durablement les soci\u00e9t\u00e9s. Tout d&#8217;abord, en d\u00e9truisant l&#8217;homog\u00e9n\u00e9it\u00e9 sociale et culturelle du corps politique conduisant \u00e0 sa fracturation en une multitude de communaut\u00e9s ainsi qu&#8217;\u00e0 une baisse g\u00e9n\u00e9rale du niveau de confiance (Putnam). Ensuite, en utilisant la violence sociale et ethnique g\u00e9n\u00e9r\u00e9e par cette situation pour maintenir les citoyens dans un \u00e9tat de tension permanente et justifier par ailleurs le d\u00e9veloppement de la surveillance g\u00e9n\u00e9ralis\u00e9e. Enfin, le co\u00fbt de la prise en charge directe et indirecte de l&#8217;immigration contribue \u00e0 accro\u00eetre l&#8217;endettement des pays et donc \u00e0 leur mise sous tutelle par l&#8217;oligarchie financi\u00e8re. Pour finir, notons que l&#8217;aspect ethnique ou religieux utilis\u00e9e pour critiquer le ph\u00e9nom\u00e8ne est en r\u00e9alit\u00e9 sans objet : si l&#8217;Europe est d\u00e9stabilis\u00e9e par des populations originaires d&#8217;Afrique ou du Maghreb de confession musulmane, les \u00c9tats-Unis, anglo-saxons et protestants, le sont de la m\u00eame mani\u00e8re par des populations hispanophones et catholiques d&#8217;Am\u00e9rique centrale.<\/p>\n\n\n\n<figure class=\"wp-block-embed is-type-video is-provider-youtube wp-block-embed-youtube wp-embed-aspect-4-3 wp-has-aspect-ratio\"><div class=\"wp-block-embed__wrapper\">\n<iframe loading=\"lazy\" title=\"Sarkozy veut rendre le m\u00e9tissage obligatoire\" width=\"620\" height=\"465\" src=\"https:\/\/www.youtube.com\/embed\/XvGXJ7n5WzI?feature=oembed\" frameborder=\"0\" allow=\"accelerometer; autoplay; clipboard-write; encrypted-media; gyroscope; picture-in-picture; web-share\" referrerpolicy=\"strict-origin-when-cross-origin\" allowfullscreen><\/iframe>\n<\/div><\/figure>\n\n\n\n<p><strong>Sant\u00e9 <\/strong><\/p>\n\n\n\n<p>Le syst\u00e8me mondialiste n&#8217;a pas pour objectif de gu\u00e9rir les individus mais au contraire de les maintenir dans un \u00e9tat de maladie chronique garantissant des profits r\u00e9currents aux grandes entreprises pharmaceutiques. Pour ce faire, le mondialisme a men\u00e9, \u00e0 partir des ann\u00e9es vingt, une v\u00e9ritable guerre contre l&#8217;approche holiste de la m\u00e9decine et les rem\u00e8des naturels pour les remplacer par une m\u00e9decine allopathique promue et d\u00e9velopp\u00e9e par la famille Rockefeller. Que ce soit via la pollution environnementale, la vaccination de masse, notamment des <a href=\"https:\/\/essentiel.news\/meilleure-sante-enfants-non-vaccines\/\">enfants<\/a>, et <a href=\"http:\/\/stanislasberton.com\/index.php\/2019\/10\/14\/cracked-livre\/\">le trucage <\/a>d&#8217;un grand nombre de travaux de recherche avec la complicit\u00e9 du corps m\u00e9dical, le syst\u00e8me mondialiste continue de d\u00e9truire la sant\u00e9 des individus pour les maintenir dans un statut de d\u00e9pendance \u00e0 vie des grandes entreprises pharmaceutiques qu&#8217;il contr\u00f4le.<\/p>\n\n\n<div class=\"wp-block-image\">\n<figure class=\"aligncenter size-large is-resized\"><img loading=\"lazy\" decoding=\"async\" width=\"701\" height=\"1024\" src=\"http:\/\/stanislasberton.com\/wp-content\/uploads\/2024\/04\/meutre_injection-701x1024.jpg\" alt=\"\" class=\"wp-image-5305\" style=\"width:323px;height:auto\" srcset=\"http:\/\/stanislasberton.com\/wp-content\/uploads\/2024\/04\/meutre_injection-701x1024.jpg 701w, http:\/\/stanislasberton.com\/wp-content\/uploads\/2024\/04\/meutre_injection-205x300.jpg 205w, http:\/\/stanislasberton.com\/wp-content\/uploads\/2024\/04\/meutre_injection-768x1122.jpg 768w, http:\/\/stanislasberton.com\/wp-content\/uploads\/2024\/04\/meutre_injection-620x906.jpg 620w, http:\/\/stanislasberton.com\/wp-content\/uploads\/2024\/04\/meutre_injection.jpg 1027w\" sizes=\"auto, (max-width: 701px) 100vw, 701px\" \/><\/figure>\n<\/div>\n\n\n<p><\/p>\n\n\n\n<p><strong>Sexualit\u00e9<\/strong><\/p>\n\n\n\n<p>Le mondialisme a pour objectif de dissocier compl\u00e8tement la sexualit\u00e9 de la reproduction et de normaliser des sexualit\u00e9s perverses et d\u00e9viantes comme la p\u00e9dophilie. La premi\u00e8re \u00e9tape du projet consista en une attaque en r\u00e8gle contre les religions traditionnelles et leur morale sexuelle, puis par la promotion et la normalisation des sexualit\u00e9s \u00ab&nbsp;alternatives&nbsp;\u00bb. Apr\u00e8s avoir normalis\u00e9 la PMA\/GPA, la prochaine \u00e9tape sera le d\u00e9veloppement de l\u2019ut\u00e9rus artificiel, voire du clonage. En parall\u00e8le, le mondialisme va faire la promotion du transgenre qui vise \u00e0 abolir les diff\u00e9rences sexuelles entre hommes et femmes, \u00e0 rendre les individus d\u00e9pendants \u00e0 vie des traitements de Big Pharma mais surtout, \u00e0 fa\u00e7onner les esprits selon les croyances de la religion mondialiste. En effet, comme nous l\u2019avons <a href=\"http:\/\/stanislasberton.com\/index.php\/2019\/10\/12\/du-feminisme\/\">expliqu\u00e9<\/a> dans l&#8217;un de nos essais, le transgenre est un des signes de l\u2019appartenance \u00e0 la religion lucif\u00e9rienne, fond\u00e9e sur l\u2019union des oppos\u00e9s, du masculin et du f\u00e9minin.<\/p>\n\n\n<div class=\"wp-block-image\">\n<figure class=\"aligncenter size-large is-resized\"><img loading=\"lazy\" decoding=\"async\" width=\"1024\" height=\"683\" src=\"http:\/\/stanislasberton.com\/wp-content\/uploads\/2024\/04\/Mulvaney-Featured-1757027413-1024x683.jpg\" alt=\"\" class=\"wp-image-5294\" style=\"width:539px;height:auto\" srcset=\"http:\/\/stanislasberton.com\/wp-content\/uploads\/2024\/04\/Mulvaney-Featured-1757027413-1024x683.jpg 1024w, http:\/\/stanislasberton.com\/wp-content\/uploads\/2024\/04\/Mulvaney-Featured-1757027413-300x200.jpg 300w, http:\/\/stanislasberton.com\/wp-content\/uploads\/2024\/04\/Mulvaney-Featured-1757027413-768x512.jpg 768w, http:\/\/stanislasberton.com\/wp-content\/uploads\/2024\/04\/Mulvaney-Featured-1757027413-620x413.jpg 620w, http:\/\/stanislasberton.com\/wp-content\/uploads\/2024\/04\/Mulvaney-Featured-1757027413.jpg 1500w\" sizes=\"auto, (max-width: 1024px) 100vw, 1024px\" \/><figcaption class=\"wp-element-caption\">L&#8217;influenceur transgenre Dylan Mulvaney, rendu c\u00e9l\u00e8bre par le fiasco de la campagne publicitaire Bud Light dont il \u00e9tait l&#8217;\u00e9g\u00e9rie.<\/figcaption><\/figure>\n<\/div>\n\n\n<p><\/p>\n\n\n\n<p><strong>Contr\u00f4le<\/strong><\/p>\n\n\n\n<p>Le mondialisme vise \u00e0 un contr\u00f4le total sur les individus et les populations, soit une n\u00e9gation de la libert\u00e9 donn\u00e9e \u00e0 l\u2019homme par le Cr\u00e9ateur et une violation des droits humains les plus fondamentaux. Le syst\u00e8me mondialiste repose en effet sur la logique du panopticon (Bentham), c\u2019est \u00e0 dire un dispositif permettant d&#8217;observer tout le monde sans \u00eatre vu soi-m\u00eame. Pour atteindre ce but, le mondialisme va s\u2019appuyer sur la technologie mais \u00e9galement sur un discours politique et m\u00e9diatique justifiant le renforcement de la surveillance de masse au nom de la s\u00e9curit\u00e9. Avec les monnaies num\u00e9riques de banques centrales (CBDC) ce contr\u00f4le sera prochainement \u00e9tendu \u00e0 l\u2019ensemble des transactions financi\u00e8res. Pour finir, le mondialisme utilise les nanotechnologies et les interfaces cerveaux-machines (BCI) pour \u00e9tendre son contr\u00f4le sur les pens\u00e9es et les esprits. Comme l\u2019explique le <a href=\"https:\/\/crowdbunker.com\/v\/nMpTF3rjhd\">Pr James Giordano<\/a> du DARPA \u00ab\u00a0ces technologies nous permettent d\u00e9sormais de lire et d\u2019\u00e9crire des informations sur un cerveau vivant en temps r\u00e9el et \u00e0 distance \u00bb.<\/p>\n\n\n\n<figure class=\"wp-block-embed is-type-video is-provider-youtube wp-block-embed-youtube wp-embed-aspect-16-9 wp-has-aspect-ratio\"><div class=\"wp-block-embed__wrapper\">\n<iframe loading=\"lazy\" title=\"Contr\u00f4le de nos pens\u00e9es : le projet mondialiste a d\u00e9j\u00e0 commenc\u00e9 !\" width=\"620\" height=\"349\" src=\"https:\/\/www.youtube.com\/embed\/vqhPAcOivEo?start=6&#038;feature=oembed\" frameborder=\"0\" allow=\"accelerometer; autoplay; clipboard-write; encrypted-media; gyroscope; picture-in-picture; web-share\" referrerpolicy=\"strict-origin-when-cross-origin\" allowfullscreen><\/iframe>\n<\/div><\/figure>\n\n\n\n<p><\/p>\n\n\n\n<p><strong>Guerre<\/strong><\/p>\n\n\n\n<p>La guerre est le moyen principal utilis\u00e9 par le mondialisme pour faire aboutir son projet\u00a0: guerre entre les \u00c9tats ; guerre civile au sein des \u00c9tats eux-m\u00eames. Selon les mondialistes, le d\u00e9clenchement d&#8217;une Troisi\u00e8me Guerre mondiale devrait permettre la mise en place d\u00e9finitive de la gouvernance mondiale \u00e0 la demande des populations terroris\u00e9es et traumatis\u00e9es elles-m\u00eames. Au-del\u00e0 de sa dimension politique, il est n\u00e9cessaire de comprendre que cette m\u00e9thode s\u2019inscrit elle aussi dans une vision religieuse, \u00e9sot\u00e9rique et occulte. Il s\u2019agit en effet du principe <em>ordo ab chaos<\/em>\u00a0(l\u2019ordre na\u00eet du chaos) mais aussi de celui de <em>solve et coagula<\/em>\u00a0(dissoudre puis coaguler), principe que l\u2019on retrouve inscrit sur les repr\u00e9sentation traditionnelles de Baphomet.<\/p>\n\n\n<div class=\"wp-block-image\">\n<figure class=\"aligncenter size-full is-resized\"><img loading=\"lazy\" decoding=\"async\" width=\"442\" height=\"682\" src=\"http:\/\/stanislasberton.com\/wp-content\/uploads\/2024\/04\/Baphomet.jpg\" alt=\"\" class=\"wp-image-5288\" style=\"width:294px;height:auto\" srcset=\"http:\/\/stanislasberton.com\/wp-content\/uploads\/2024\/04\/Baphomet.jpg 442w, http:\/\/stanislasberton.com\/wp-content\/uploads\/2024\/04\/Baphomet-194x300.jpg 194w\" sizes=\"auto, (max-width: 442px) 100vw, 442px\" \/><\/figure>\n<\/div>\n\n\n<p><a href=\"#sdfootnote1anc\" id=\"sdfootnote1sym\">1<\/a>Le noachisme est un mouvement religieux juif fond\u00e9 sur le respect des sept lois de No\u00e9, consid\u00e9r\u00e9es comme des lois morales universelles et pouvant, \u00e0 ce titre, \u00eatre respect\u00e9es par les juifs comme par les non-juifs.<\/p>\n\n\n\n<p><a id=\"sdfootnote2sym\" href=\"#sdfootnote2anc\">2<\/a>Sur les <a href=\"https:\/\/fr.wikipedia.org\/wiki\/Georgia_Guidestones\">Georgia Guidestones<\/a>, c\u00e9l\u00e8bre monument mondialiste, il \u00e9tait \u00e9crit&nbsp;: \u00ab&nbsp;Maintenez la population \u00e0 un seuil de 500 000 personnes, en \u00e9quilibre avec la nature.&nbsp;\u00bb<\/p>\n\n\n\n<p><\/p>\n\n\n\n<p><strong>Pour aller plus loin:<\/strong><\/p>\n\n\n\n<p><a href=\"http:\/\/stanislasberton.com\/index.php\/2019\/11\/16\/des-mondialistes\/\">Des mondialistes<\/a><\/p>\n\n\n\n<p><a href=\"http:\/\/stanislasberton.com\/index.php\/2019\/10\/07\/du-grand-reveil\/\">Du Grand R\u00e9veil<\/a><\/p>\n\n\n\n<p><a href=\"http:\/\/stanislasberton.com\/index.php\/2019\/11\/16\/des-origines-du-mondialisme\/\">De l&#8217;origine du mondialisme<\/a><\/p>\n\n\n\n<p><a href=\"http:\/\/stanislasberton.com\/index.php\/2019\/11\/06\/des-techniques-de-manipulation\/\">Des techniques de manipulation politique<\/a><\/p>\n\n\n\n<figure class=\"wp-block-embed is-type-video is-provider-youtube wp-block-embed-youtube wp-embed-aspect-16-9 wp-has-aspect-ratio\"><div class=\"wp-block-embed__wrapper\">\n<iframe loading=\"lazy\" title=\"Globalisme et d\u00e9population, liaisons dangereuses ? - Pierre-Antoine Plaquevent - Zoom\" width=\"620\" height=\"349\" src=\"https:\/\/www.youtube.com\/embed\/r1tFpiiIJX0?feature=oembed\" frameborder=\"0\" allow=\"accelerometer; autoplay; clipboard-write; encrypted-media; gyroscope; picture-in-picture; web-share\" referrerpolicy=\"strict-origin-when-cross-origin\" allowfullscreen><\/iframe>\n<\/div><\/figure>\n","protected":false},"excerpt":{"rendered":"<p>\u00ab&nbsp;Si on me donne six heures pour couper un arbre, je passerai les quatre premi\u00e8res \u00e0 aiguiser ma hache.&nbsp;\u00bb Abraham Lincoln Si un nombre croissant d\u2019habitants de l\u2019Occident commencent \u00e0 ouvrir les yeux sur l\u2019existence de l\u2019oligarchie mondialiste et la r\u00e9alit\u00e9 de son projet, cette prise de conscience est souvent parcellaire et repose sur la [&hellip;]<\/p>\n","protected":false},"author":1,"featured_media":0,"comment_status":"open","ping_status":"closed","sticky":false,"template":"","format":"standard","meta":{"footnotes":""},"categories":[2],"tags":[41,44,253],"class_list":["post-5286","post","type-post","status-publish","format-standard","hentry","category-politique","tag-mondialisme","tag-nouvel-ordre-mondial","tag-projet"],"yoast_head":"<!-- This site is optimized with the Yoast SEO plugin v27.4 - https:\/\/yoast.com\/product\/yoast-seo-wordpress\/ -->\n<title>Du projet mondialiste - Stanislas BERTON<\/title>\n<meta name=\"robots\" content=\"index, follow, max-snippet:-1, max-image-preview:large, max-video-preview:-1\" \/>\n<link rel=\"canonical\" href=\"https:\/\/stanislasberton.com\/index.php\/2019\/11\/16\/du-projet-mondialiste\/\" \/>\n<meta property=\"og:locale\" content=\"en_US\" \/>\n<meta property=\"og:type\" content=\"article\" \/>\n<meta property=\"og:title\" content=\"Du projet mondialiste - Stanislas BERTON\" \/>\n<meta property=\"og:description\" content=\"\u00ab&nbsp;Si on me donne six heures pour couper un arbre, je passerai les quatre premi\u00e8res \u00e0 aiguiser ma hache.&nbsp;\u00bb Abraham Lincoln Si un nombre croissant d\u2019habitants de l\u2019Occident commencent \u00e0 ouvrir les yeux sur l\u2019existence de l\u2019oligarchie mondialiste et la r\u00e9alit\u00e9 de son projet, cette prise de conscience est souvent parcellaire et repose sur la [&hellip;]\" \/>\n<meta property=\"og:url\" content=\"https:\/\/stanislasberton.com\/index.php\/2019\/11\/16\/du-projet-mondialiste\/\" \/>\n<meta property=\"og:site_name\" content=\"Stanislas BERTON\" \/>\n<meta property=\"article:published_time\" content=\"2019-11-16T15:15:00+00:00\" \/>\n<meta property=\"article:modified_time\" content=\"2024-04-15T09:03:28+00:00\" \/>\n<meta property=\"og:image\" content=\"http:\/\/stanislasberton.com\/wp-content\/uploads\/2024\/04\/Nwo_dollar-1024x683.jpg\" \/>\n<meta name=\"author\" content=\"sberton\" \/>\n<meta name=\"twitter:card\" content=\"summary_large_image\" \/>\n<meta name=\"twitter:label1\" content=\"Written by\" \/>\n\t<meta name=\"twitter:data1\" content=\"sberton\" \/>\n\t<meta name=\"twitter:label2\" content=\"Est. reading time\" \/>\n\t<meta name=\"twitter:data2\" content=\"10 minutes\" \/>\n<script type=\"application\/ld+json\" class=\"yoast-schema-graph\">{\"@context\":\"https:\\\/\\\/schema.org\",\"@graph\":[{\"@type\":\"Article\",\"@id\":\"https:\\\/\\\/stanislasberton.com\\\/index.php\\\/2019\\\/11\\\/16\\\/du-projet-mondialiste\\\/#article\",\"isPartOf\":{\"@id\":\"https:\\\/\\\/stanislasberton.com\\\/index.php\\\/2019\\\/11\\\/16\\\/du-projet-mondialiste\\\/\"},\"author\":{\"name\":\"sberton\",\"@id\":\"https:\\\/\\\/stanislasberton.com\\\/#\\\/schema\\\/person\\\/35b8ff927e855a1e6c5cc1921d61e08c\"},\"headline\":\"Du projet mondialiste\",\"datePublished\":\"2019-11-16T15:15:00+00:00\",\"dateModified\":\"2024-04-15T09:03:28+00:00\",\"mainEntityOfPage\":{\"@id\":\"https:\\\/\\\/stanislasberton.com\\\/index.php\\\/2019\\\/11\\\/16\\\/du-projet-mondialiste\\\/\"},\"wordCount\":2233,\"commentCount\":0,\"publisher\":{\"@id\":\"https:\\\/\\\/stanislasberton.com\\\/#\\\/schema\\\/person\\\/35b8ff927e855a1e6c5cc1921d61e08c\"},\"image\":{\"@id\":\"https:\\\/\\\/stanislasberton.com\\\/index.php\\\/2019\\\/11\\\/16\\\/du-projet-mondialiste\\\/#primaryimage\"},\"thumbnailUrl\":\"http:\\\/\\\/stanislasberton.com\\\/wp-content\\\/uploads\\\/2024\\\/04\\\/Nwo_dollar-1024x683.jpg\",\"keywords\":[\"mondialisme\",\"nouvel ordre mondial\",\"projet\"],\"articleSection\":[\"Politique\"],\"inLanguage\":\"en-US\",\"potentialAction\":[{\"@type\":\"CommentAction\",\"name\":\"Comment\",\"target\":[\"https:\\\/\\\/stanislasberton.com\\\/index.php\\\/2019\\\/11\\\/16\\\/du-projet-mondialiste\\\/#respond\"]}]},{\"@type\":\"WebPage\",\"@id\":\"https:\\\/\\\/stanislasberton.com\\\/index.php\\\/2019\\\/11\\\/16\\\/du-projet-mondialiste\\\/\",\"url\":\"https:\\\/\\\/stanislasberton.com\\\/index.php\\\/2019\\\/11\\\/16\\\/du-projet-mondialiste\\\/\",\"name\":\"Du projet mondialiste - Stanislas BERTON\",\"isPartOf\":{\"@id\":\"https:\\\/\\\/stanislasberton.com\\\/#website\"},\"primaryImageOfPage\":{\"@id\":\"https:\\\/\\\/stanislasberton.com\\\/index.php\\\/2019\\\/11\\\/16\\\/du-projet-mondialiste\\\/#primaryimage\"},\"image\":{\"@id\":\"https:\\\/\\\/stanislasberton.com\\\/index.php\\\/2019\\\/11\\\/16\\\/du-projet-mondialiste\\\/#primaryimage\"},\"thumbnailUrl\":\"http:\\\/\\\/stanislasberton.com\\\/wp-content\\\/uploads\\\/2024\\\/04\\\/Nwo_dollar-1024x683.jpg\",\"datePublished\":\"2019-11-16T15:15:00+00:00\",\"dateModified\":\"2024-04-15T09:03:28+00:00\",\"breadcrumb\":{\"@id\":\"https:\\\/\\\/stanislasberton.com\\\/index.php\\\/2019\\\/11\\\/16\\\/du-projet-mondialiste\\\/#breadcrumb\"},\"inLanguage\":\"en-US\",\"potentialAction\":[{\"@type\":\"ReadAction\",\"target\":[\"https:\\\/\\\/stanislasberton.com\\\/index.php\\\/2019\\\/11\\\/16\\\/du-projet-mondialiste\\\/\"]}]},{\"@type\":\"ImageObject\",\"inLanguage\":\"en-US\",\"@id\":\"https:\\\/\\\/stanislasberton.com\\\/index.php\\\/2019\\\/11\\\/16\\\/du-projet-mondialiste\\\/#primaryimage\",\"url\":\"http:\\\/\\\/stanislasberton.com\\\/wp-content\\\/uploads\\\/2024\\\/04\\\/Nwo_dollar.jpg\",\"contentUrl\":\"http:\\\/\\\/stanislasberton.com\\\/wp-content\\\/uploads\\\/2024\\\/04\\\/Nwo_dollar.jpg\",\"width\":1200,\"height\":800},{\"@type\":\"BreadcrumbList\",\"@id\":\"https:\\\/\\\/stanislasberton.com\\\/index.php\\\/2019\\\/11\\\/16\\\/du-projet-mondialiste\\\/#breadcrumb\",\"itemListElement\":[{\"@type\":\"ListItem\",\"position\":1,\"name\":\"Home\",\"item\":\"https:\\\/\\\/stanislasberton.com\\\/\"},{\"@type\":\"ListItem\",\"position\":2,\"name\":\"Du projet mondialiste\"}]},{\"@type\":\"WebSite\",\"@id\":\"https:\\\/\\\/stanislasberton.com\\\/#website\",\"url\":\"https:\\\/\\\/stanislasberton.com\\\/\",\"name\":\"Stanislas BERTON\",\"description\":\"Quantum potes, tantum aude\",\"publisher\":{\"@id\":\"https:\\\/\\\/stanislasberton.com\\\/#\\\/schema\\\/person\\\/35b8ff927e855a1e6c5cc1921d61e08c\"},\"potentialAction\":[{\"@type\":\"SearchAction\",\"target\":{\"@type\":\"EntryPoint\",\"urlTemplate\":\"https:\\\/\\\/stanislasberton.com\\\/?s={search_term_string}\"},\"query-input\":{\"@type\":\"PropertyValueSpecification\",\"valueRequired\":true,\"valueName\":\"search_term_string\"}}],\"inLanguage\":\"en-US\"},{\"@type\":[\"Person\",\"Organization\"],\"@id\":\"https:\\\/\\\/stanislasberton.com\\\/#\\\/schema\\\/person\\\/35b8ff927e855a1e6c5cc1921d61e08c\",\"name\":\"sberton\",\"image\":{\"@type\":\"ImageObject\",\"inLanguage\":\"en-US\",\"@id\":\"https:\\\/\\\/secure.gravatar.com\\\/avatar\\\/fb8e1e50c000ff4ca889d1d62ef01059d7ab27264b271cefe3e51ae17f8f69af?s=96&r=g\",\"url\":\"https:\\\/\\\/secure.gravatar.com\\\/avatar\\\/fb8e1e50c000ff4ca889d1d62ef01059d7ab27264b271cefe3e51ae17f8f69af?s=96&r=g\",\"contentUrl\":\"https:\\\/\\\/secure.gravatar.com\\\/avatar\\\/fb8e1e50c000ff4ca889d1d62ef01059d7ab27264b271cefe3e51ae17f8f69af?s=96&r=g\",\"caption\":\"sberton\"},\"logo\":{\"@id\":\"https:\\\/\\\/secure.gravatar.com\\\/avatar\\\/fb8e1e50c000ff4ca889d1d62ef01059d7ab27264b271cefe3e51ae17f8f69af?s=96&r=g\"}}]}<\/script>\n<!-- \/ Yoast SEO plugin. -->","yoast_head_json":{"title":"Du projet mondialiste - Stanislas BERTON","robots":{"index":"index","follow":"follow","max-snippet":"max-snippet:-1","max-image-preview":"max-image-preview:large","max-video-preview":"max-video-preview:-1"},"canonical":"https:\/\/stanislasberton.com\/index.php\/2019\/11\/16\/du-projet-mondialiste\/","og_locale":"en_US","og_type":"article","og_title":"Du projet mondialiste - Stanislas BERTON","og_description":"\u00ab&nbsp;Si on me donne six heures pour couper un arbre, je passerai les quatre premi\u00e8res \u00e0 aiguiser ma hache.&nbsp;\u00bb Abraham Lincoln Si un nombre croissant d\u2019habitants de l\u2019Occident commencent \u00e0 ouvrir les yeux sur l\u2019existence de l\u2019oligarchie mondialiste et la r\u00e9alit\u00e9 de son projet, cette prise de conscience est souvent parcellaire et repose sur la [&hellip;]","og_url":"https:\/\/stanislasberton.com\/index.php\/2019\/11\/16\/du-projet-mondialiste\/","og_site_name":"Stanislas BERTON","article_published_time":"2019-11-16T15:15:00+00:00","article_modified_time":"2024-04-15T09:03:28+00:00","og_image":[{"url":"http:\/\/stanislasberton.com\/wp-content\/uploads\/2024\/04\/Nwo_dollar-1024x683.jpg","type":"","width":"","height":""}],"author":"sberton","twitter_card":"summary_large_image","twitter_misc":{"Written by":"sberton","Est. reading time":"10 minutes"},"schema":{"@context":"https:\/\/schema.org","@graph":[{"@type":"Article","@id":"https:\/\/stanislasberton.com\/index.php\/2019\/11\/16\/du-projet-mondialiste\/#article","isPartOf":{"@id":"https:\/\/stanislasberton.com\/index.php\/2019\/11\/16\/du-projet-mondialiste\/"},"author":{"name":"sberton","@id":"https:\/\/stanislasberton.com\/#\/schema\/person\/35b8ff927e855a1e6c5cc1921d61e08c"},"headline":"Du projet mondialiste","datePublished":"2019-11-16T15:15:00+00:00","dateModified":"2024-04-15T09:03:28+00:00","mainEntityOfPage":{"@id":"https:\/\/stanislasberton.com\/index.php\/2019\/11\/16\/du-projet-mondialiste\/"},"wordCount":2233,"commentCount":0,"publisher":{"@id":"https:\/\/stanislasberton.com\/#\/schema\/person\/35b8ff927e855a1e6c5cc1921d61e08c"},"image":{"@id":"https:\/\/stanislasberton.com\/index.php\/2019\/11\/16\/du-projet-mondialiste\/#primaryimage"},"thumbnailUrl":"http:\/\/stanislasberton.com\/wp-content\/uploads\/2024\/04\/Nwo_dollar-1024x683.jpg","keywords":["mondialisme","nouvel ordre mondial","projet"],"articleSection":["Politique"],"inLanguage":"en-US","potentialAction":[{"@type":"CommentAction","name":"Comment","target":["https:\/\/stanislasberton.com\/index.php\/2019\/11\/16\/du-projet-mondialiste\/#respond"]}]},{"@type":"WebPage","@id":"https:\/\/stanislasberton.com\/index.php\/2019\/11\/16\/du-projet-mondialiste\/","url":"https:\/\/stanislasberton.com\/index.php\/2019\/11\/16\/du-projet-mondialiste\/","name":"Du projet mondialiste - Stanislas BERTON","isPartOf":{"@id":"https:\/\/stanislasberton.com\/#website"},"primaryImageOfPage":{"@id":"https:\/\/stanislasberton.com\/index.php\/2019\/11\/16\/du-projet-mondialiste\/#primaryimage"},"image":{"@id":"https:\/\/stanislasberton.com\/index.php\/2019\/11\/16\/du-projet-mondialiste\/#primaryimage"},"thumbnailUrl":"http:\/\/stanislasberton.com\/wp-content\/uploads\/2024\/04\/Nwo_dollar-1024x683.jpg","datePublished":"2019-11-16T15:15:00+00:00","dateModified":"2024-04-15T09:03:28+00:00","breadcrumb":{"@id":"https:\/\/stanislasberton.com\/index.php\/2019\/11\/16\/du-projet-mondialiste\/#breadcrumb"},"inLanguage":"en-US","potentialAction":[{"@type":"ReadAction","target":["https:\/\/stanislasberton.com\/index.php\/2019\/11\/16\/du-projet-mondialiste\/"]}]},{"@type":"ImageObject","inLanguage":"en-US","@id":"https:\/\/stanislasberton.com\/index.php\/2019\/11\/16\/du-projet-mondialiste\/#primaryimage","url":"http:\/\/stanislasberton.com\/wp-content\/uploads\/2024\/04\/Nwo_dollar.jpg","contentUrl":"http:\/\/stanislasberton.com\/wp-content\/uploads\/2024\/04\/Nwo_dollar.jpg","width":1200,"height":800},{"@type":"BreadcrumbList","@id":"https:\/\/stanislasberton.com\/index.php\/2019\/11\/16\/du-projet-mondialiste\/#breadcrumb","itemListElement":[{"@type":"ListItem","position":1,"name":"Home","item":"https:\/\/stanislasberton.com\/"},{"@type":"ListItem","position":2,"name":"Du projet mondialiste"}]},{"@type":"WebSite","@id":"https:\/\/stanislasberton.com\/#website","url":"https:\/\/stanislasberton.com\/","name":"Stanislas BERTON","description":"Quantum potes, tantum aude","publisher":{"@id":"https:\/\/stanislasberton.com\/#\/schema\/person\/35b8ff927e855a1e6c5cc1921d61e08c"},"potentialAction":[{"@type":"SearchAction","target":{"@type":"EntryPoint","urlTemplate":"https:\/\/stanislasberton.com\/?s={search_term_string}"},"query-input":{"@type":"PropertyValueSpecification","valueRequired":true,"valueName":"search_term_string"}}],"inLanguage":"en-US"},{"@type":["Person","Organization"],"@id":"https:\/\/stanislasberton.com\/#\/schema\/person\/35b8ff927e855a1e6c5cc1921d61e08c","name":"sberton","image":{"@type":"ImageObject","inLanguage":"en-US","@id":"https:\/\/secure.gravatar.com\/avatar\/fb8e1e50c000ff4ca889d1d62ef01059d7ab27264b271cefe3e51ae17f8f69af?s=96&r=g","url":"https:\/\/secure.gravatar.com\/avatar\/fb8e1e50c000ff4ca889d1d62ef01059d7ab27264b271cefe3e51ae17f8f69af?s=96&r=g","contentUrl":"https:\/\/secure.gravatar.com\/avatar\/fb8e1e50c000ff4ca889d1d62ef01059d7ab27264b271cefe3e51ae17f8f69af?s=96&r=g","caption":"sberton"},"logo":{"@id":"https:\/\/secure.gravatar.com\/avatar\/fb8e1e50c000ff4ca889d1d62ef01059d7ab27264b271cefe3e51ae17f8f69af?s=96&r=g"}}]}},"_links":{"self":[{"href":"http:\/\/stanislasberton.com\/index.php\/wp-json\/wp\/v2\/posts\/5286","targetHints":{"allow":["GET"]}}],"collection":[{"href":"http:\/\/stanislasberton.com\/index.php\/wp-json\/wp\/v2\/posts"}],"about":[{"href":"http:\/\/stanislasberton.com\/index.php\/wp-json\/wp\/v2\/types\/post"}],"author":[{"embeddable":true,"href":"http:\/\/stanislasberton.com\/index.php\/wp-json\/wp\/v2\/users\/1"}],"replies":[{"embeddable":true,"href":"http:\/\/stanislasberton.com\/index.php\/wp-json\/wp\/v2\/comments?post=5286"}],"version-history":[{"count":0,"href":"http:\/\/stanislasberton.com\/index.php\/wp-json\/wp\/v2\/posts\/5286\/revisions"}],"wp:attachment":[{"href":"http:\/\/stanislasberton.com\/index.php\/wp-json\/wp\/v2\/media?parent=5286"}],"wp:term":[{"taxonomy":"category","embeddable":true,"href":"http:\/\/stanislasberton.com\/index.php\/wp-json\/wp\/v2\/categories?post=5286"},{"taxonomy":"post_tag","embeddable":true,"href":"http:\/\/stanislasberton.com\/index.php\/wp-json\/wp\/v2\/tags?post=5286"}],"curies":[{"name":"wp","href":"https:\/\/api.w.org\/{rel}","templated":true}]}}