{"id":4990,"date":"2019-11-05T10:13:00","date_gmt":"2019-11-05T09:13:00","guid":{"rendered":"http:\/\/stanislasberton.com\/?p=4990"},"modified":"2024-03-29T14:53:42","modified_gmt":"2024-03-29T13:53:42","slug":"de-lutopie-mondialiste","status":"publish","type":"post","link":"http:\/\/stanislasberton.com\/index.php\/2019\/11\/05\/de-lutopie-mondialiste\/","title":{"rendered":"De l&#8217;utopie mondialiste"},"content":{"rendered":"\n<figure class=\"wp-block-image size-full is-resized\"><img loading=\"lazy\" decoding=\"async\" src=\"http:\/\/stanislasberton.com\/wp-content\/uploads\/2023\/08\/Wef_own_nothing.webp\" alt=\"\" class=\"wp-image-4991\" style=\"width:587px;height:294px\" width=\"587\" height=\"294\" srcset=\"http:\/\/stanislasberton.com\/wp-content\/uploads\/2023\/08\/Wef_own_nothing.webp 720w, http:\/\/stanislasberton.com\/wp-content\/uploads\/2023\/08\/Wef_own_nothing-300x150.webp 300w, http:\/\/stanislasberton.com\/wp-content\/uploads\/2023\/08\/Wef_own_nothing-620x310.webp 620w\" sizes=\"auto, (max-width: 587px) 100vw, 587px\" \/><\/figure>\n\n\n\n<p>Article d&#8217;Ida Auken, d\u00e9put\u00e9e danoise et membre du Forum \u00e9conomique mondial (WEF), publi\u00e9 le 12 novembre 2016 sous le titre original &#8220;<a href=\"https:\/\/medium.com\/world-economic-forum\/welcome-to-2030-i-own-nothing-have-no-privacy-and-life-has-never-been-better-ee2eed62f710\">Welcome to 2030, I own nothing, have no privacy and life has never been better<\/a>&#8221; et repris sur le site du WEF. Traduit de l&#8217;anglais par Stanislas Berton.<\/p>\n\n\n\n<p>Bienvenue en 2030. Bienvenue dans ma ville ou devrais-je plut\u00f4t dire &#8220;notre ville&#8221;. Je ne poss\u00e8de rien. Je n&#8217;ai pas de voiture. Je ne suis pas propri\u00e9taire de ma maison. Mes appareils \u00e9lectrom\u00e9nagers et mes v\u00eatements ne m&#8217;appartiennent pas.<\/p>\n\n\n\n<p>Cela peut vous sembler \u00e9trange mais cela est tout \u00e0 fait logique pour nous, habitants de cette ville. Tout ce que nous avions l&#8217;habitude de consid\u00e9rer comme un produit est maintenant devenu un service. Nous avons acc\u00e8s aux moyens de transport, au logement, \u00e0 la nourriture et \u00e0 tout ce dont nous avons besoin dans notre vie de tous les jours. L&#8217;une apr\u00e8s l&#8217;autre, toutes ces choses sont devenues gratuites alors, en fin de compte, cela ne servait \u00e0 rien d&#8217;en rester propri\u00e9taires.<\/p>\n\n\n\n<p>Ce furent d&#8217;abord les moyens de communication qui devinrent enti\u00e8rement num\u00e9ris\u00e9s et gratuits pour tout le monde. Ensuite quand l&#8217;\u00e9nergie verte devint gratuite, les \u00e9v\u00e9nements se pr\u00e9cipit\u00e8rent. Le co\u00fbt du transport devint n\u00e9gligeable. Il n&#8217;y avait donc plus aucun int\u00e9r\u00eat d&#8217;avoir une voiture car nous pouvions tous appeler en quelques minutes un v\u00e9hicule contr\u00f4l\u00e9 par une IA ou une voiture volante pour des trajets plus longs. Quand les transports en commun devinrent plus facile d&#8217;acc\u00e8s, plus rapides et plus pratiques que la voiture, nous commen\u00e7\u00e2mes \u00e0 nous d\u00e9placer d&#8217;une fa\u00e7on plus ordonn\u00e9e et coordonn\u00e9e. D\u00e9sormais, j&#8217;ai du mal \u00e0 croire que nous tol\u00e9rerions les embouteillages, sans parler de la pollution caus\u00e9e par les moteurs. Qu&#8217;est-ce qui nous a pris?<\/p>\n\n\n\n<p>Parfois quand je vais voir mes amis, je prends mon v\u00e9lo. J&#8217;appr\u00e9cie l&#8217;exercice et le trajet en lui-m\u00eame. C&#8217;est comme si notre \u00e2me participait \u00e0 ce voyage. C&#8217;est surprenant de constater \u00e0 quel point certaines choses ne perdent jamais leur attrait : marcher, faire du v\u00e9lo, cuisiner, dessiner et faire pousser des plantes. Cela est logique et nous rappelle que notre culture s&#8217;est d\u00e9velopp\u00e9 en relation \u00e9troite avec la nature.<\/p>\n\n\n\n<p><strong>&#8220;Les probl\u00e8mes environnementaux semblent appartenir au pass\u00e9.&#8221;<\/strong><\/p>\n\n\n\n<p>Dans notre ville, nous ne payons pas de loyer parce que quelqu&#8217;un utilise l&#8217;espace que nous laissons libre quand nous n&#8217;en avons pas l&#8217;usage. Mon salon est utilis\u00e9 pour des r\u00e9unions d&#8217;affaires lorsque je ne suis pas chez moi.<\/p>\n\n\n\n<p>De temps en temps, je fais moi-m\u00eame la cuisine. C&#8217;est facile, tout l&#8217;\u00e9quipement dont j&#8217;ai besoin est livr\u00e9 devant ma porte en quelques minutes. Depuis que le transport est devenu gratuit, nous avons cess\u00e9 d&#8217;entasser toutes ces choses dans nos foyers. Pourquoi garder une machine \u00e0 faire des p\u00e2tes ou des cr\u00eapes dans nos placards? Il nous suffit de passer commande quand nous en avons besoin.<\/p>\n\n\n\n<p>Ce mode d&#8217;organisation a facilit\u00e9 le passage \u00e0 l&#8217;\u00e9conomie circulaire. Quand les produits deviennent des services, personne n&#8217;a besoin de concevoir des produits \u00e0 faible dur\u00e9e de vie. Tout est con\u00e7u pour \u00eatre durable, r\u00e9parable et recyclable. Les mati\u00e8res premi\u00e8res arrivent plus rapidement dans nos circuits \u00e9conomiques et peuvent \u00eatre transform\u00e9s plus facilement en nouveaux produits. Les probl\u00e8mes environnementaux semblent appartenir au pass\u00e9 car nous n\u2019utilisons que de l&#8217;\u00e9nergie et des moyens de production propres. L&#8217;air est pur, l&#8217;eau est pure et personne n&#8217;oserait toucher \u00e0 ces zones prot\u00e9g\u00e9es car elles sont si importantes \u00e0 notre bien-\u00eatre. Dans les villes, nous avons beaucoup d&#8217;espaces verts et des plantes et des arbres un peu partout. Je ne comprends pas pourquoi tous les espaces non-utilis\u00e9s \u00e9taient autrefois remplis de b\u00e9ton.<\/p>\n\n\n\n<p><strong>La mort du shopping<\/strong><\/p>\n\n\n\n<p>Le shopping? Je ne me rappelle m\u00eame plus du sens de ce mot. Pour la plupart d&#8217;entre nous, cela revient d\u00e9sormais \u00e0 choisir quels objets nous allons utiliser. Parfois, je trouve \u00e7a amusant et parfois, je veux juste que l&#8217;algorithme s&#8217;en occupe \u00e0 ma place. J&#8217;ai d\u00e9sormais une meilleure connaissance de mes go\u00fbts.<\/p>\n\n\n\n<p>Quand l&#8217;IA et les robots se sont mis \u00e0 accomplir la plupart de notre travail, nous e\u00fbmes tout \u00e0 coup plus de temps pour mieux manger, mieux dormir et passer plus de temps avec les gens. Le concept d&#8217;heure de pointe n&#8217;a plus vraiment de sens aujourd&#8217;hui car le travail que nous effectuons peut \u00eatre accompli \u00e0 n&#8217;importe quel moment. Je ne sais m\u00eame si l&#8217;on peut encore appeler cela du travail. C&#8217;est simplement plus du temps pour penser, cr\u00e9er et s&#8217;\u00e9panouir.<\/p>\n\n\n\n<p><strong>&#8220;Ils vivent des existences diff\u00e9rentes \u00e0 l&#8217;ext\u00e9rieur de la ville&#8221;.<\/strong><\/p>\n\n\n\n<p>Il eut une \u00e9poque o\u00f9 tout avait \u00e9t\u00e9 transform\u00e9 en divertissement et o\u00f9 les gens ne voulaient plus se confronter aux questions importantes. C&#8217;est qu&#8217;au dernier moment que nous avons trouv\u00e9 comment utiliser ces nouvelles technologies pour autre chose que juste passer le temps.<\/p>\n\n\n\n<p>Parfois, je suis inqui\u00e8te en pensant aux gens qui n&#8217;habitent pas notre ville. Ceux que nous avons perdu en chemin. Ceux qui ont d\u00e9cid\u00e9 que toute cette technologie \u00e9tait &#8220;trop&#8221; pour eux. Ceux qui se sont sentis obsol\u00e8tes et inutiles quand les robots et l&#8217;IA nous ont remplac\u00e9 dans plupart des emplois. Ceux qui en ont eu assez du syst\u00e8me politique et se sont r\u00e9volt\u00e9s contre lui. Ils vivent des existences diff\u00e9rentes \u00e0 l&#8217;ext\u00e9rieur de la ville. Certains ont fond\u00e9 des communaut\u00e9s autonomes. D&#8217;autres se sont install\u00e9s dans des maisons vides et abandonn\u00e9es dans des villages du XIXe si\u00e8cle.<\/p>\n\n\n\n<p>De temps en temps, cela m&#8217;ennuie de n&#8217;avoir aucune vie priv\u00e9e. De ne pouvoir aller nulle part sans \u00eatre identifi\u00e9e Je sais que quelque part, tout ce que je fais, que je pense et ce dont je r\u00eave est enregistr\u00e9. J&#8217;esp\u00e8re que personne n&#8217;utilisera cela contre moi.<\/p>\n\n\n\n<p>Au bout du compte, c&#8217;est une bonne vie. Bien meilleure que celle vers lequel notre ancien mod\u00e8le nous conduisait et o\u00f9 il \u00e9tait devenu clair que nous ne pouvions plus continuer avec le m\u00eame mod\u00e8le de croissance. Nous devions faire face \u00e0 une r\u00e9alit\u00e9 horrible: maladies li\u00e9es au mode de vie, changement climatique, la crise des r\u00e9fugi\u00e9s, la d\u00e9gradation de l&#8217;environnement, les villes satur\u00e9es, la pollution de l&#8217;air, de l&#8217;eau, les troubles sociaux et le ch\u00f4mage. Nous avons perdu tant de gens avant de nous rendre compte que nous pouvions faire les choses autrement.<\/p>\n\n\n\n<p><strong>Notes du traducteur:<\/strong><\/p>\n\n\n\n<p>1) Cet article constitue un concentr\u00e9 chimiquement pur du &#8220;socialisme technocratique&#8221; vendu par l\u2019oligarchie mondialiste aux membres de bas-niveau de la classe dirigeante (\u00e9lus, cadres, classes &#8220;\u00e9duqu\u00e9es&#8221;). S\u00e9duisant en apparence, ce projet totalitaire, li\u00e9 \u00e0 celui des &#8220;villes intelligentes&#8221; (<em>smart cities<\/em>), repr\u00e9sente en r\u00e9alit\u00e9 la destruction des piliers de civilisation occidentales: libert\u00e9, vie priv\u00e9e, propri\u00e9t\u00e9 priv\u00e9e. Pr\u00e9sent\u00e9 comme un progr\u00e8s et reposant sur des principes positifs et consensuels (d\u00e9fense des milieux naturels, limitation du gaspillage), ce projet vise \u00e0 susciter l&#8217;adh\u00e9sion et \u00e0 faire consentir les populations \u00e0 leur propre mise en esclavage.<\/p>\n\n\n\n<p>2) De nombreuses notions \u00e9voqu\u00e9es dans ce texte sont purement verbales et ne peuvent s\u00e9duire que des personnes vivant en milieu urbain, travaillant dans le secteur tertiaire et totalement d\u00e9connect\u00e9es des r\u00e9alit\u00e9s de toute activit\u00e9  productive. Par exemple, la notion d&#8217;\u00e9nergie &#8220;propre&#8221; est un non-sens physique: toute activit\u00e9 de production consomme des mati\u00e8res premi\u00e8res et g\u00e9n\u00e8re des d\u00e9chets. De la m\u00eame mani\u00e8re, un agriculteur ou un ouvrier travaillant en usine voit son activit\u00e9 d\u00e9termin\u00e9e par des contraintes climatiques, \u00e9nerg\u00e9tiques ou logistiques et ne peut donc pas travailler &#8220;quand il veut&#8221;.<\/p>\n\n\n\n<p>3) Comme <a href=\"http:\/\/stanislasberton.com\/index.php\/2019\/11\/06\/du-marxisme\/\">le marxisme<\/a> ou le socialisme, cette utopie mondialiste fondamentalement antichr\u00e9tienne car elle postule que l&#8217;homme peut acc\u00e9der au paradis sur terre et retrouver, gr\u00e2ce \u00e0 des r\u00e9formes, un nouvel \u00c9den. A l&#8217;inverse, le chr\u00e9tien conna\u00eet sa nature d\u00e9chue et sait que le vrai royaume n&#8217;est pas de ce monde mais dans celui d&#8217;apr\u00e8s et que tous ceux qui affirment le contraire ne sont pas de Dieu mais du diable.<\/p>\n\n\n\n<p><strong>Pour aller plus loin:<\/strong><\/p>\n\n\n\n<p><a href=\"https:\/\/medium.com\/world-economic-forum\/welcome-to-2030-i-own-nothing-have-no-privacy-and-life-has-never-been-better-ee2eed62f710\">Article original<\/a><\/p>\n\n\n\n<figure class=\"wp-block-image size-full is-resized\"><img loading=\"lazy\" decoding=\"async\" src=\"http:\/\/stanislasberton.com\/wp-content\/uploads\/2023\/08\/Wef_own.jpg\" alt=\"\" class=\"wp-image-4994\" style=\"width:328px;height:416px\" width=\"328\" height=\"416\" srcset=\"http:\/\/stanislasberton.com\/wp-content\/uploads\/2023\/08\/Wef_own.jpg 629w, http:\/\/stanislasberton.com\/wp-content\/uploads\/2023\/08\/Wef_own-237x300.jpg 237w, http:\/\/stanislasberton.com\/wp-content\/uploads\/2023\/08\/Wef_own-620x786.jpg 620w\" sizes=\"auto, (max-width: 328px) 100vw, 328px\" \/><\/figure>\n\n\n\n<p><a href=\"http:\/\/stanislasberton.com\/index.php\/2019\/11\/03\/de-lintellectuel-mais-idiot-imi\/\">De l&#8217;Intellectuel-Mais-Idiot<\/a> (Taleb)<\/p>\n\n\n\n<p><a href=\"http:\/\/stanislasberton.com\/index.php\/2019\/11\/16\/des-mondialistes\/\">Des mondialistes<\/a><\/p>\n\n\n\n<p><a href=\"http:\/\/stanislasberton.com\/index.php\/2019\/10\/12\/du-deni-des-complots\/\">Du d\u00e9ni des complots<\/a><\/p>\n\n\n\n<p><a href=\"http:\/\/stanislasberton.com\/index.php\/2019\/11\/06\/du-marxisme\/\">Du marxisme<\/a><\/p>\n","protected":false},"excerpt":{"rendered":"<p>Article d&#8217;Ida Auken, d\u00e9put\u00e9e danoise et membre du Forum \u00e9conomique mondial (WEF), publi\u00e9 le 12 novembre 2016 sous le titre original &#8220;Welcome to 2030, I own nothing, have no privacy and life has never been better&#8221; et repris sur le site du WEF. Traduit de l&#8217;anglais par Stanislas Berton. Bienvenue en 2030. Bienvenue dans ma [&hellip;]<\/p>\n","protected":false},"author":1,"featured_media":0,"comment_status":"open","ping_status":"closed","sticky":false,"template":"","format":"standard","meta":{"footnotes":""},"categories":[2],"tags":[117,41,118],"class_list":["post-4990","post","type-post","status-publish","format-standard","hentry","category-politique","tag-davos","tag-mondialisme","tag-vous-ne-possederez-rien"],"yoast_head":"<!-- This site is optimized with the Yoast SEO plugin v27.4 - https:\/\/yoast.com\/product\/yoast-seo-wordpress\/ -->\n<title>De l&#039;utopie mondialiste - Stanislas BERTON<\/title>\n<meta name=\"robots\" content=\"index, follow, max-snippet:-1, max-image-preview:large, max-video-preview:-1\" \/>\n<link rel=\"canonical\" href=\"https:\/\/stanislasberton.com\/index.php\/2019\/11\/05\/de-lutopie-mondialiste\/\" \/>\n<meta property=\"og:locale\" content=\"en_US\" \/>\n<meta property=\"og:type\" content=\"article\" \/>\n<meta property=\"og:title\" content=\"De l&#039;utopie mondialiste - Stanislas BERTON\" \/>\n<meta property=\"og:description\" content=\"Article d&#8217;Ida Auken, d\u00e9put\u00e9e danoise et membre du Forum \u00e9conomique mondial (WEF), publi\u00e9 le 12 novembre 2016 sous le titre original &#8220;Welcome to 2030, I own nothing, have no privacy and life has never been better&#8221; et repris sur le site du WEF. Traduit de l&#8217;anglais par Stanislas Berton. Bienvenue en 2030. Bienvenue dans ma [&hellip;]\" \/>\n<meta property=\"og:url\" content=\"https:\/\/stanislasberton.com\/index.php\/2019\/11\/05\/de-lutopie-mondialiste\/\" \/>\n<meta property=\"og:site_name\" content=\"Stanislas BERTON\" \/>\n<meta property=\"article:published_time\" content=\"2019-11-05T09:13:00+00:00\" \/>\n<meta property=\"article:modified_time\" content=\"2024-03-29T13:53:42+00:00\" \/>\n<meta property=\"og:image\" content=\"http:\/\/stanislasberton.com\/wp-content\/uploads\/2023\/08\/Wef_own_nothing.webp\" \/>\n<meta name=\"author\" content=\"sberton\" \/>\n<meta name=\"twitter:card\" content=\"summary_large_image\" \/>\n<meta name=\"twitter:label1\" content=\"Written by\" \/>\n\t<meta name=\"twitter:data1\" content=\"sberton\" \/>\n\t<meta name=\"twitter:label2\" content=\"Est. reading time\" \/>\n\t<meta name=\"twitter:data2\" content=\"7 minutes\" \/>\n<script type=\"application\/ld+json\" class=\"yoast-schema-graph\">{\"@context\":\"https:\\\/\\\/schema.org\",\"@graph\":[{\"@type\":\"Article\",\"@id\":\"https:\\\/\\\/stanislasberton.com\\\/index.php\\\/2019\\\/11\\\/05\\\/de-lutopie-mondialiste\\\/#article\",\"isPartOf\":{\"@id\":\"https:\\\/\\\/stanislasberton.com\\\/index.php\\\/2019\\\/11\\\/05\\\/de-lutopie-mondialiste\\\/\"},\"author\":{\"name\":\"sberton\",\"@id\":\"https:\\\/\\\/stanislasberton.com\\\/#\\\/schema\\\/person\\\/35b8ff927e855a1e6c5cc1921d61e08c\"},\"headline\":\"De l&#8217;utopie mondialiste\",\"datePublished\":\"2019-11-05T09:13:00+00:00\",\"dateModified\":\"2024-03-29T13:53:42+00:00\",\"mainEntityOfPage\":{\"@id\":\"https:\\\/\\\/stanislasberton.com\\\/index.php\\\/2019\\\/11\\\/05\\\/de-lutopie-mondialiste\\\/\"},\"wordCount\":1476,\"commentCount\":1,\"publisher\":{\"@id\":\"https:\\\/\\\/stanislasberton.com\\\/#\\\/schema\\\/person\\\/35b8ff927e855a1e6c5cc1921d61e08c\"},\"image\":{\"@id\":\"https:\\\/\\\/stanislasberton.com\\\/index.php\\\/2019\\\/11\\\/05\\\/de-lutopie-mondialiste\\\/#primaryimage\"},\"thumbnailUrl\":\"http:\\\/\\\/stanislasberton.com\\\/wp-content\\\/uploads\\\/2023\\\/08\\\/Wef_own_nothing.webp\",\"keywords\":[\"Davos\",\"mondialisme\",\"vous ne poss\u00e9derez rien\"],\"articleSection\":[\"Politique\"],\"inLanguage\":\"en-US\",\"potentialAction\":[{\"@type\":\"CommentAction\",\"name\":\"Comment\",\"target\":[\"https:\\\/\\\/stanislasberton.com\\\/index.php\\\/2019\\\/11\\\/05\\\/de-lutopie-mondialiste\\\/#respond\"]}]},{\"@type\":\"WebPage\",\"@id\":\"https:\\\/\\\/stanislasberton.com\\\/index.php\\\/2019\\\/11\\\/05\\\/de-lutopie-mondialiste\\\/\",\"url\":\"https:\\\/\\\/stanislasberton.com\\\/index.php\\\/2019\\\/11\\\/05\\\/de-lutopie-mondialiste\\\/\",\"name\":\"De l'utopie mondialiste - Stanislas BERTON\",\"isPartOf\":{\"@id\":\"https:\\\/\\\/stanislasberton.com\\\/#website\"},\"primaryImageOfPage\":{\"@id\":\"https:\\\/\\\/stanislasberton.com\\\/index.php\\\/2019\\\/11\\\/05\\\/de-lutopie-mondialiste\\\/#primaryimage\"},\"image\":{\"@id\":\"https:\\\/\\\/stanislasberton.com\\\/index.php\\\/2019\\\/11\\\/05\\\/de-lutopie-mondialiste\\\/#primaryimage\"},\"thumbnailUrl\":\"http:\\\/\\\/stanislasberton.com\\\/wp-content\\\/uploads\\\/2023\\\/08\\\/Wef_own_nothing.webp\",\"datePublished\":\"2019-11-05T09:13:00+00:00\",\"dateModified\":\"2024-03-29T13:53:42+00:00\",\"breadcrumb\":{\"@id\":\"https:\\\/\\\/stanislasberton.com\\\/index.php\\\/2019\\\/11\\\/05\\\/de-lutopie-mondialiste\\\/#breadcrumb\"},\"inLanguage\":\"en-US\",\"potentialAction\":[{\"@type\":\"ReadAction\",\"target\":[\"https:\\\/\\\/stanislasberton.com\\\/index.php\\\/2019\\\/11\\\/05\\\/de-lutopie-mondialiste\\\/\"]}]},{\"@type\":\"ImageObject\",\"inLanguage\":\"en-US\",\"@id\":\"https:\\\/\\\/stanislasberton.com\\\/index.php\\\/2019\\\/11\\\/05\\\/de-lutopie-mondialiste\\\/#primaryimage\",\"url\":\"http:\\\/\\\/stanislasberton.com\\\/wp-content\\\/uploads\\\/2023\\\/08\\\/Wef_own_nothing.webp\",\"contentUrl\":\"http:\\\/\\\/stanislasberton.com\\\/wp-content\\\/uploads\\\/2023\\\/08\\\/Wef_own_nothing.webp\",\"width\":720,\"height\":360},{\"@type\":\"BreadcrumbList\",\"@id\":\"https:\\\/\\\/stanislasberton.com\\\/index.php\\\/2019\\\/11\\\/05\\\/de-lutopie-mondialiste\\\/#breadcrumb\",\"itemListElement\":[{\"@type\":\"ListItem\",\"position\":1,\"name\":\"Home\",\"item\":\"https:\\\/\\\/stanislasberton.com\\\/\"},{\"@type\":\"ListItem\",\"position\":2,\"name\":\"De l&#8217;utopie mondialiste\"}]},{\"@type\":\"WebSite\",\"@id\":\"https:\\\/\\\/stanislasberton.com\\\/#website\",\"url\":\"https:\\\/\\\/stanislasberton.com\\\/\",\"name\":\"Stanislas BERTON\",\"description\":\"Quantum potes, tantum aude\",\"publisher\":{\"@id\":\"https:\\\/\\\/stanislasberton.com\\\/#\\\/schema\\\/person\\\/35b8ff927e855a1e6c5cc1921d61e08c\"},\"potentialAction\":[{\"@type\":\"SearchAction\",\"target\":{\"@type\":\"EntryPoint\",\"urlTemplate\":\"https:\\\/\\\/stanislasberton.com\\\/?s={search_term_string}\"},\"query-input\":{\"@type\":\"PropertyValueSpecification\",\"valueRequired\":true,\"valueName\":\"search_term_string\"}}],\"inLanguage\":\"en-US\"},{\"@type\":[\"Person\",\"Organization\"],\"@id\":\"https:\\\/\\\/stanislasberton.com\\\/#\\\/schema\\\/person\\\/35b8ff927e855a1e6c5cc1921d61e08c\",\"name\":\"sberton\",\"image\":{\"@type\":\"ImageObject\",\"inLanguage\":\"en-US\",\"@id\":\"https:\\\/\\\/secure.gravatar.com\\\/avatar\\\/fb8e1e50c000ff4ca889d1d62ef01059d7ab27264b271cefe3e51ae17f8f69af?s=96&r=g\",\"url\":\"https:\\\/\\\/secure.gravatar.com\\\/avatar\\\/fb8e1e50c000ff4ca889d1d62ef01059d7ab27264b271cefe3e51ae17f8f69af?s=96&r=g\",\"contentUrl\":\"https:\\\/\\\/secure.gravatar.com\\\/avatar\\\/fb8e1e50c000ff4ca889d1d62ef01059d7ab27264b271cefe3e51ae17f8f69af?s=96&r=g\",\"caption\":\"sberton\"},\"logo\":{\"@id\":\"https:\\\/\\\/secure.gravatar.com\\\/avatar\\\/fb8e1e50c000ff4ca889d1d62ef01059d7ab27264b271cefe3e51ae17f8f69af?s=96&r=g\"}}]}<\/script>\n<!-- \/ Yoast SEO plugin. -->","yoast_head_json":{"title":"De l'utopie mondialiste - Stanislas BERTON","robots":{"index":"index","follow":"follow","max-snippet":"max-snippet:-1","max-image-preview":"max-image-preview:large","max-video-preview":"max-video-preview:-1"},"canonical":"https:\/\/stanislasberton.com\/index.php\/2019\/11\/05\/de-lutopie-mondialiste\/","og_locale":"en_US","og_type":"article","og_title":"De l'utopie mondialiste - Stanislas BERTON","og_description":"Article d&#8217;Ida Auken, d\u00e9put\u00e9e danoise et membre du Forum \u00e9conomique mondial (WEF), publi\u00e9 le 12 novembre 2016 sous le titre original &#8220;Welcome to 2030, I own nothing, have no privacy and life has never been better&#8221; et repris sur le site du WEF. Traduit de l&#8217;anglais par Stanislas Berton. Bienvenue en 2030. Bienvenue dans ma [&hellip;]","og_url":"https:\/\/stanislasberton.com\/index.php\/2019\/11\/05\/de-lutopie-mondialiste\/","og_site_name":"Stanislas BERTON","article_published_time":"2019-11-05T09:13:00+00:00","article_modified_time":"2024-03-29T13:53:42+00:00","og_image":[{"url":"http:\/\/stanislasberton.com\/wp-content\/uploads\/2023\/08\/Wef_own_nothing.webp","type":"","width":"","height":""}],"author":"sberton","twitter_card":"summary_large_image","twitter_misc":{"Written by":"sberton","Est. reading time":"7 minutes"},"schema":{"@context":"https:\/\/schema.org","@graph":[{"@type":"Article","@id":"https:\/\/stanislasberton.com\/index.php\/2019\/11\/05\/de-lutopie-mondialiste\/#article","isPartOf":{"@id":"https:\/\/stanislasberton.com\/index.php\/2019\/11\/05\/de-lutopie-mondialiste\/"},"author":{"name":"sberton","@id":"https:\/\/stanislasberton.com\/#\/schema\/person\/35b8ff927e855a1e6c5cc1921d61e08c"},"headline":"De l&#8217;utopie mondialiste","datePublished":"2019-11-05T09:13:00+00:00","dateModified":"2024-03-29T13:53:42+00:00","mainEntityOfPage":{"@id":"https:\/\/stanislasberton.com\/index.php\/2019\/11\/05\/de-lutopie-mondialiste\/"},"wordCount":1476,"commentCount":1,"publisher":{"@id":"https:\/\/stanislasberton.com\/#\/schema\/person\/35b8ff927e855a1e6c5cc1921d61e08c"},"image":{"@id":"https:\/\/stanislasberton.com\/index.php\/2019\/11\/05\/de-lutopie-mondialiste\/#primaryimage"},"thumbnailUrl":"http:\/\/stanislasberton.com\/wp-content\/uploads\/2023\/08\/Wef_own_nothing.webp","keywords":["Davos","mondialisme","vous ne poss\u00e9derez rien"],"articleSection":["Politique"],"inLanguage":"en-US","potentialAction":[{"@type":"CommentAction","name":"Comment","target":["https:\/\/stanislasberton.com\/index.php\/2019\/11\/05\/de-lutopie-mondialiste\/#respond"]}]},{"@type":"WebPage","@id":"https:\/\/stanislasberton.com\/index.php\/2019\/11\/05\/de-lutopie-mondialiste\/","url":"https:\/\/stanislasberton.com\/index.php\/2019\/11\/05\/de-lutopie-mondialiste\/","name":"De l'utopie mondialiste - Stanislas BERTON","isPartOf":{"@id":"https:\/\/stanislasberton.com\/#website"},"primaryImageOfPage":{"@id":"https:\/\/stanislasberton.com\/index.php\/2019\/11\/05\/de-lutopie-mondialiste\/#primaryimage"},"image":{"@id":"https:\/\/stanislasberton.com\/index.php\/2019\/11\/05\/de-lutopie-mondialiste\/#primaryimage"},"thumbnailUrl":"http:\/\/stanislasberton.com\/wp-content\/uploads\/2023\/08\/Wef_own_nothing.webp","datePublished":"2019-11-05T09:13:00+00:00","dateModified":"2024-03-29T13:53:42+00:00","breadcrumb":{"@id":"https:\/\/stanislasberton.com\/index.php\/2019\/11\/05\/de-lutopie-mondialiste\/#breadcrumb"},"inLanguage":"en-US","potentialAction":[{"@type":"ReadAction","target":["https:\/\/stanislasberton.com\/index.php\/2019\/11\/05\/de-lutopie-mondialiste\/"]}]},{"@type":"ImageObject","inLanguage":"en-US","@id":"https:\/\/stanislasberton.com\/index.php\/2019\/11\/05\/de-lutopie-mondialiste\/#primaryimage","url":"http:\/\/stanislasberton.com\/wp-content\/uploads\/2023\/08\/Wef_own_nothing.webp","contentUrl":"http:\/\/stanislasberton.com\/wp-content\/uploads\/2023\/08\/Wef_own_nothing.webp","width":720,"height":360},{"@type":"BreadcrumbList","@id":"https:\/\/stanislasberton.com\/index.php\/2019\/11\/05\/de-lutopie-mondialiste\/#breadcrumb","itemListElement":[{"@type":"ListItem","position":1,"name":"Home","item":"https:\/\/stanislasberton.com\/"},{"@type":"ListItem","position":2,"name":"De l&#8217;utopie mondialiste"}]},{"@type":"WebSite","@id":"https:\/\/stanislasberton.com\/#website","url":"https:\/\/stanislasberton.com\/","name":"Stanislas BERTON","description":"Quantum potes, tantum aude","publisher":{"@id":"https:\/\/stanislasberton.com\/#\/schema\/person\/35b8ff927e855a1e6c5cc1921d61e08c"},"potentialAction":[{"@type":"SearchAction","target":{"@type":"EntryPoint","urlTemplate":"https:\/\/stanislasberton.com\/?s={search_term_string}"},"query-input":{"@type":"PropertyValueSpecification","valueRequired":true,"valueName":"search_term_string"}}],"inLanguage":"en-US"},{"@type":["Person","Organization"],"@id":"https:\/\/stanislasberton.com\/#\/schema\/person\/35b8ff927e855a1e6c5cc1921d61e08c","name":"sberton","image":{"@type":"ImageObject","inLanguage":"en-US","@id":"https:\/\/secure.gravatar.com\/avatar\/fb8e1e50c000ff4ca889d1d62ef01059d7ab27264b271cefe3e51ae17f8f69af?s=96&r=g","url":"https:\/\/secure.gravatar.com\/avatar\/fb8e1e50c000ff4ca889d1d62ef01059d7ab27264b271cefe3e51ae17f8f69af?s=96&r=g","contentUrl":"https:\/\/secure.gravatar.com\/avatar\/fb8e1e50c000ff4ca889d1d62ef01059d7ab27264b271cefe3e51ae17f8f69af?s=96&r=g","caption":"sberton"},"logo":{"@id":"https:\/\/secure.gravatar.com\/avatar\/fb8e1e50c000ff4ca889d1d62ef01059d7ab27264b271cefe3e51ae17f8f69af?s=96&r=g"}}]}},"_links":{"self":[{"href":"http:\/\/stanislasberton.com\/index.php\/wp-json\/wp\/v2\/posts\/4990","targetHints":{"allow":["GET"]}}],"collection":[{"href":"http:\/\/stanislasberton.com\/index.php\/wp-json\/wp\/v2\/posts"}],"about":[{"href":"http:\/\/stanislasberton.com\/index.php\/wp-json\/wp\/v2\/types\/post"}],"author":[{"embeddable":true,"href":"http:\/\/stanislasberton.com\/index.php\/wp-json\/wp\/v2\/users\/1"}],"replies":[{"embeddable":true,"href":"http:\/\/stanislasberton.com\/index.php\/wp-json\/wp\/v2\/comments?post=4990"}],"version-history":[{"count":0,"href":"http:\/\/stanislasberton.com\/index.php\/wp-json\/wp\/v2\/posts\/4990\/revisions"}],"wp:attachment":[{"href":"http:\/\/stanislasberton.com\/index.php\/wp-json\/wp\/v2\/media?parent=4990"}],"wp:term":[{"taxonomy":"category","embeddable":true,"href":"http:\/\/stanislasberton.com\/index.php\/wp-json\/wp\/v2\/categories?post=4990"},{"taxonomy":"post_tag","embeddable":true,"href":"http:\/\/stanislasberton.com\/index.php\/wp-json\/wp\/v2\/tags?post=4990"}],"curies":[{"name":"wp","href":"https:\/\/api.w.org\/{rel}","templated":true}]}}