{"id":3931,"date":"2019-10-22T10:33:00","date_gmt":"2019-10-22T08:33:00","guid":{"rendered":"http:\/\/stanislasberton.com\/?p=3931"},"modified":"2024-03-29T15:10:15","modified_gmt":"2024-03-29T14:10:15","slug":"de-linfantilisation","status":"publish","type":"post","link":"http:\/\/stanislasberton.com\/index.php\/2019\/10\/22\/de-linfantilisation\/","title":{"rendered":"De l&#8217;infantilisation"},"content":{"rendered":"\n<figure class=\"wp-block-image size-large is-resized\"><img loading=\"lazy\" decoding=\"async\" src=\"http:\/\/stanislasberton.com\/wp-content\/uploads\/2022\/08\/man_child-1024x576.jpg\" alt=\"\" class=\"wp-image-3932\" width=\"635\" height=\"357\" srcset=\"http:\/\/stanislasberton.com\/wp-content\/uploads\/2022\/08\/man_child-1024x576.jpg 1024w, http:\/\/stanislasberton.com\/wp-content\/uploads\/2022\/08\/man_child-300x169.jpg 300w, http:\/\/stanislasberton.com\/wp-content\/uploads\/2022\/08\/man_child-768x432.jpg 768w, http:\/\/stanislasberton.com\/wp-content\/uploads\/2022\/08\/man_child-1536x864.jpg 1536w, http:\/\/stanislasberton.com\/wp-content\/uploads\/2022\/08\/man_child-620x349.jpg 620w, http:\/\/stanislasberton.com\/wp-content\/uploads\/2022\/08\/man_child.jpg 1920w\" sizes=\"auto, (max-width: 635px) 100vw, 635px\" \/><\/figure>\n\n\n\n<p><\/p>\n\n\n\n<p>\u00ab&nbsp;Malheur \u00e0 toi, pays dont le roi est un enfant&nbsp;\u00bb<\/p>\n\n\n\n<p>Eccl\u00e9siastes 10&nbsp;:16<\/p>\n\n\n\n<p>L\u2019infantilisation g\u00e9n\u00e9ralis\u00e9e constitue l\u2019une des caract\u00e9ristiques majeures de l\u2019Occident contemporain. Au-del\u00e0 de sa dimension psychologique et individuelle, ce ph\u00e9nom\u00e8ne affecte \u00e9galement le champ politique car une population bloqu\u00e9e au stade infantile est une population maintenue dans un \u00e9tat de d\u00e9pendance, incapable de pens\u00e9e ou de d\u00e9cisions autonomes et surtout, dans l\u2019incapacit\u00e9 d\u2019exercer toute forme de souverainet\u00e9.<\/p>\n\n\n\n<p>Cette infantilisation trouve sa source dans la famille avec l\u2019effacement, quand il ne s\u2019agit pas de la disparition pure et simple, des p\u00e8res de famille. Psychologiquement, l\u2019homme, le p\u00e8re, est en effet celui dont la parole est porteuse d\u2019objectivit\u00e9, qui incarne l\u2019autorit\u00e9, fixe les limites et qui, le moment venu, fera entrer le jeune gar\u00e7on dans la soci\u00e9t\u00e9 des hommes. Or, aujourd&#8217;hui, quand les p\u00e8res ne sont pas absents ou manquants, c\u2019est-\u00e0-dire incapables d\u2019assumer leur r\u00f4le de chefs de famille, ce sont les qualit\u00e9s viriles elles-m\u00eames qui se trouvent d\u00e9sormais d\u00e9nonc\u00e9es au nom de la lutte contre le \u00ab&nbsp;patriarcat&nbsp;\u00bb,&nbsp;\u00ab&nbsp;la masculinit\u00e9 toxique&nbsp;\u00bb ou encore \u00ab&nbsp;<a href=\"http:\/\/stanislasberton.com\/index.php\/2019\/10\/29\/du-privilege-blanc\/\">le privil\u00e8ge&nbsp;blanc <\/a>\u00bb.<\/p>\n\n\n\n<p>Comme l\u2019a d\u00e9montr\u00e9 avec brio le sociologue et d\u00e9mographe Emmanuel Todd dans son livre \u00ab&nbsp;O\u00f9 en sont-elles&nbsp;?&nbsp;\u00bb, depuis la fin des ann\u00e9es 60, nous vivons dans des soci\u00e9t\u00e9s domin\u00e9es par les femmes que ce soit via leur pr\u00e9sence majoritaire dans l\u2019enseignement sup\u00e9rieur, de leur surrepr\u00e9sentation dans les activit\u00e9s \u00ab&nbsp;productrices de normes&nbsp;\u00bb &#8211; journalisme, justice, enseignement, administration-, de la tertiarisation de l\u2019\u00e9conomie qui se fait au d\u00e9triment des activit\u00e9s primaires (agriculture) et secondaires (industrie) traditionnellement masculines et enfin, par l&#8217;inflation des normes, des r\u00e8glements et des protocoles qui viennent entraver la tendance naturelle masculine \u00e0 l\u2019improvisation et \u00e0 l\u2019innovation. De son c\u00f4t\u00e9, l\u2019essayiste et anthropologue <a href=\"https:\/\/lesdeuxcites.fr\/livre\/19764861-ce-sang-qui-nous-lie-matriarcat-patriarcat-s--sylvain-durain-verbe-haut\">Sylvain Durain<\/a> a montr\u00e9 comment cette f\u00e9minisation de la soci\u00e9t\u00e9 ne constitue pas un progr\u00e8s mais bien un retour aux soci\u00e9t\u00e9s archa\u00efques des temps pr\u00e9-chr\u00e9tiens marqu\u00e9es par l\u2019indiff\u00e9renciation, le monisme (fusion de l\u2019Homme et du cosmos) et surtout, du grand retour de la logique sacrificielle et des <a href=\"http:\/\/stanislasberton.com\/index.php\/2019\/11\/16\/des-boucs-emissaires\/\">boucs-\u00e9missaires<\/a>.<\/p>\n\n\n\n<p>Non contentes d\u2019avoir \u00ab&nbsp;castr\u00e9&nbsp;\u00bb socialement, professionnellement et symboliquement les hommes et les p\u00e8res, nos soci\u00e9t\u00e9s ont supprim\u00e9 tous les rites de passage, religieux ou civiques, qui permettaient de symboliser la transition de l\u2019\u00e9tat d\u2019enfant \u00e0 celui d\u2019adulte. Quant aux rites de substitution, qu\u2019il s\u2019agisse du baccalaur\u00e9at ou du permis de conduire, ils ne repr\u00e9sentent pas de v\u00e9ritable enjeu et ne sont porteurs que d\u2019une charge symbolique ou sacramentelle extr\u00eamement faible. Cette absence de v\u00e9ritables rites de passage se trouve de surcro\u00eet aggrav\u00e9e par l\u2019allongement de la dur\u00e9e des \u00e9tudes. L\u00e0 o\u00f9 les anciennes g\u00e9n\u00e9rations quittaient, pour l\u2019essentiel, les bancs de l\u2019\u00e9cole \u00e0 leur majorit\u00e9, les nouvelles sont maintenues, \u00e0 dessein, dans ce statut, mi-enfant, mi-adulte, d\u2019\u00e9tudiant, tout en \u00e9tant soumis, durant leurs ann\u00e9es de formation, au tir de barrage incessant de la <a href=\"http:\/\/stanislasberton.com\/index.php\/2019\/11\/05\/de-la-desinformation\/\">propagande progressiste<\/a> et mondialiste. Sur ce point, il est d\u2019ailleurs frappant de constater <strong>qu\u2019aujourd\u2019hui, les individus les plus matures et les plus&nbsp;adultes sont souvent ceux qui ont quitt\u00e9 l\u2019\u00e9cole d\u00e8s le plus jeune \u00e2ge pour aller travailler dans des m\u00e9tiers en prise directe avec le r\u00e9el<\/strong> comme l\u2019h\u00f4tellerie\/restauration, le commerce ou le b\u00e2timent.<\/p>\n\n\n\n<p>Pour finir, cette infantilisation g\u00e9n\u00e9ralis\u00e9e rendue possible par l\u2019absence des p\u00e8res, la suppression des rites de passage et l\u2019allongement de la dur\u00e9e des \u00e9tudes se retrouve largement encourag\u00e9e par la soci\u00e9t\u00e9 dans son ensemble. En effet, <strong>la publicit\u00e9, les m\u00e9dias et toutes les structures charg\u00e9es de diffuser \u00ab&nbsp;l\u2019esprit du temps&nbsp;\u00bb nous invitent en permanence \u00e0 d\u00e9passer les limites, \u00e0 satisfaire imm\u00e9diatement nos d\u00e9sirs et \u00e0 adopter des comportements et des attitudes en lien avec la jeunesse, soit l\u2019oppos\u00e9 exact des vertus traditionnellement associ\u00e9es \u00e0 la maturit\u00e9 et \u00e0 l\u2019\u00e2ge adulte.<\/strong> Sur le plan visuel, une esth\u00e9tique caract\u00e9ris\u00e9e par des couleurs vives ou criardes, des formes g\u00e9om\u00e9triques simples et un langage infantilisant s\u2019est impos\u00e9e dans la communication, y compris celle de l\u2019\u00c9tat ou d\u2019acteurs \u00e9conomiques traditionnellement \u00ab&nbsp;s\u00e9rieux&nbsp;\u00bb tels que les banques et les assurances. En ce qui concerne le langage, l\u2019emploi du pr\u00e9nom et le recours syst\u00e9matique au tutoiement se sont impos\u00e9s, un ph\u00e9nom\u00e8ne dont Renaud Camus a montr\u00e9 dans \u00ab&nbsp;<a href=\"https:\/\/www.amazon.fr\/Civilisation-pr%C3%A9noms-Renaud-Camus\/dp\/B079ZT1V7K\">La civilisation des pr\u00e9noms&nbsp;<\/a>\u00bb en quoi il constituait l\u2019expression d\u2019une soci\u00e9t\u00e9 d\u2019enfants refusant la hauteur, la distance et, surtout rejetant l\u2019importance des anc\u00eatres et de la lign\u00e9e. De fa\u00e7on plus g\u00e9n\u00e9rale, entre la satisfaction imm\u00e9diate des d\u00e9sirs, le refus de la &nbsp;frustration et des limites, l\u2019abdication de toute forme de responsabilit\u00e9, la jeunesse \u00e9rig\u00e9e en valeur supr\u00eame, l\u2019extension du ludique \u00e0 des activit\u00e9s s\u00e9rieuses, l\u2019horizon limit\u00e9 \u00e0 un perp\u00e9tuel pr\u00e9sent, et la trottinette devenue soudainement un moyen de transport pour adultes, <strong>les soci\u00e9t\u00e9s occidentales sont d\u00e9sormais caract\u00e9ris\u00e9es par l\u2019omnipr\u00e9sence des comportements infantiles \u00e0 tous les \u00e2ges et dans toutes les couches de la soci\u00e9t\u00e9.<\/strong><\/p>\n\n\n\n<p>Or, cette infantilisation de la soci\u00e9t\u00e9 a pour cons\u00e9quence directe la croissance de l\u2019\u00c9tat et l\u2019immixtion de la puissance publique dans un nombre croissant de domaines. <strong>Si la soci\u00e9t\u00e9 est devenue un jardin d\u2019enfants, il faut bien une ma\u00eetresse ou une nounou pour la surveiller. <\/strong>Jug\u00e9 incapable de s\u2019occuper de lui-m\u00eame, de sa famille et de ses affaires, l\u2019Homme de 2022 doit \u00eatre int\u00e9gralement pris en charge, de la naissance au tombeau, par<strong> <em>Big Mother<\/em> qui lui dit d\u00e9sormais ce qu\u2019il doit faire, ce qu\u2019il doit dire, ce qu\u2019il doit manger, quand il a le droit de sortir, et surtout, ce qu\u2019il a le droit de penser.<\/strong> En 2020-2021, la crise <a href=\"http:\/\/stanislasberton.com\/index.php\/2019\/10\/12\/du-covid-19\/\">du Covid<\/a> a marqu\u00e9 l\u2019aboutissement de cette logique avec une population acceptant passivement d\u2019\u00eatre confin\u00e9e puis vaccin\u00e9e, en l\u2019absence de b\u00e9n\u00e9fices av\u00e9r\u00e9s, sous peine d\u2019\u00eatre grond\u00e9e ou punie par la puissance publique maternelle.<\/p>\n\n\n\n<p>En effet, comme tous les parents toxiques, l\u2019\u00c9tat-nounou s\u2019av\u00e8re \u00eatre extr\u00eamement jaloux de ses pr\u00e9rogatives et n\u2019accepte pas que \u00ab&nbsp;son&nbsp;\u00bb enfant s\u2019\u00e9mancipe et se trouve ainsi un jour en mesure d\u2019\u00e9chapper \u00e0 son \u00e9troite supervision. <strong>Si l\u2019\u00c9tat semble bienveillant avec tous ceux qui acceptent de jouer sagement et sans faire d\u2019histoires dans l\u2019enceinte du grand jardin d&#8217;enfants, il se r\u00e9v\u00e8le en revanche impitoyable et despotique envers tous ceux qui, rejetant sa tutelle, pr\u00e9f\u00e8rent s\u2019\u00e9duquer, se soigner, s\u2019informer, se prot\u00e9ger et se gouverner par eux-m\u00eames.<\/strong><\/p>\n\n\n\n<p>En mati\u00e8re de pouvoir, le maintien de toute une population dans un \u00e9tat infantile, c\u2019est-\u00e0-dire incapable d\u2019autonomie, de r\u00e9volte ou de pens\u00e9e libre reste le meilleur et le plus discret moyen de la dominer sans avoir recours \u00e0 une forme de contr\u00f4le trop visible ou brutale. Pour lutter contre ce totalitarisme qui cherche \u00e0 nous maintenir en enfance pour mieux nous soumettre et disposer \u00e0 sa guise de nos corps comme de nos esprits, il nous appartient de (re)devenir des individus matures et autonomes et surtout, d\u2019\u00e9duquer nos enfants&nbsp; pour qu\u2019ils deviennent eux aussi, \u00e0 leur tour des hommes et des femmes v\u00e9ritablement libres.<\/p>\n\n\n\n<p>&nbsp;Pour aller plus loin&nbsp;:<\/p>\n\n\n\n<p><a href=\"http:\/\/stanislasberton.com\/index.php\/2019\/10\/27\/de-la-bienveillance\/\">De la bienveillance<\/a><\/p>\n\n\n\n<p><a href=\"http:\/\/stanislasberton.com\/index.php\/2019\/10\/12\/du-feminisme\/\">Du f\u00e9minisme<\/a><\/p>\n\n\n\n<p><a href=\"http:\/\/stanislasberton.com\/index.php\/2019\/11\/16\/des-surdoues\/\">Des surdou\u00e9s<\/a><\/p>\n\n\n\n<figure class=\"wp-block-image size-large is-resized\"><img loading=\"lazy\" decoding=\"async\" src=\"http:\/\/stanislasberton.com\/wp-content\/uploads\/2022\/08\/man_creed-1024x1024.jpg\" alt=\"\" class=\"wp-image-3974\" width=\"356\" height=\"356\" srcset=\"http:\/\/stanislasberton.com\/wp-content\/uploads\/2022\/08\/man_creed-1024x1024.jpg 1024w, http:\/\/stanislasberton.com\/wp-content\/uploads\/2022\/08\/man_creed-300x300.jpg 300w, http:\/\/stanislasberton.com\/wp-content\/uploads\/2022\/08\/man_creed-150x150.jpg 150w, http:\/\/stanislasberton.com\/wp-content\/uploads\/2022\/08\/man_creed-768x768.jpg 768w, http:\/\/stanislasberton.com\/wp-content\/uploads\/2022\/08\/man_creed-620x620.jpg 620w, http:\/\/stanislasberton.com\/wp-content\/uploads\/2022\/08\/man_creed.jpg 1080w\" sizes=\"auto, (max-width: 356px) 100vw, 356px\" \/><figcaption>&#8220;En tant qu&#8217;homme c&#8217;est votre devoir de prot\u00e9ger les faibles et les innocents. Pas de devenir le faible et l&#8217;innocent.&#8221; <\/figcaption><\/figure>\n","protected":false},"excerpt":{"rendered":"<p>\u00ab&nbsp;Malheur \u00e0 toi, pays dont le roi est un enfant&nbsp;\u00bb Eccl\u00e9siastes 10&nbsp;:16 L\u2019infantilisation g\u00e9n\u00e9ralis\u00e9e constitue l\u2019une des caract\u00e9ristiques majeures de l\u2019Occident contemporain. Au-del\u00e0 de sa dimension psychologique et individuelle, ce ph\u00e9nom\u00e8ne affecte \u00e9galement le champ politique car une population bloqu\u00e9e au stade infantile est une population maintenue dans un \u00e9tat de d\u00e9pendance, incapable de pens\u00e9e [&hellip;]<\/p>\n","protected":false},"author":1,"featured_media":0,"comment_status":"open","ping_status":"closed","sticky":false,"template":"","format":"standard","meta":{"footnotes":""},"categories":[3],"tags":[158,187,156],"class_list":["post-3931","post","type-post","status-publish","format-standard","hentry","category-psychologie","tag-autonomie","tag-infantilisation","tag-souverainete"],"yoast_head":"<!-- This site is optimized with the Yoast SEO plugin v27.4 - https:\/\/yoast.com\/product\/yoast-seo-wordpress\/ -->\n<title>De l&#039;infantilisation - Stanislas BERTON<\/title>\n<meta name=\"robots\" content=\"index, follow, max-snippet:-1, max-image-preview:large, max-video-preview:-1\" \/>\n<link rel=\"canonical\" href=\"http:\/\/stanislasberton.com\/index.php\/2019\/10\/22\/de-linfantilisation\/\" \/>\n<meta property=\"og:locale\" content=\"en_US\" \/>\n<meta property=\"og:type\" content=\"article\" \/>\n<meta property=\"og:title\" content=\"De l&#039;infantilisation - Stanislas BERTON\" \/>\n<meta property=\"og:description\" content=\"\u00ab&nbsp;Malheur \u00e0 toi, pays dont le roi est un enfant&nbsp;\u00bb Eccl\u00e9siastes 10&nbsp;:16 L\u2019infantilisation g\u00e9n\u00e9ralis\u00e9e constitue l\u2019une des caract\u00e9ristiques majeures de l\u2019Occident contemporain. Au-del\u00e0 de sa dimension psychologique et individuelle, ce ph\u00e9nom\u00e8ne affecte \u00e9galement le champ politique car une population bloqu\u00e9e au stade infantile est une population maintenue dans un \u00e9tat de d\u00e9pendance, incapable de pens\u00e9e [&hellip;]\" \/>\n<meta property=\"og:url\" content=\"http:\/\/stanislasberton.com\/index.php\/2019\/10\/22\/de-linfantilisation\/\" \/>\n<meta property=\"og:site_name\" content=\"Stanislas BERTON\" \/>\n<meta property=\"article:published_time\" content=\"2019-10-22T08:33:00+00:00\" \/>\n<meta property=\"article:modified_time\" content=\"2024-03-29T14:10:15+00:00\" \/>\n<meta property=\"og:image\" content=\"http:\/\/stanislasberton.com\/wp-content\/uploads\/2022\/08\/man_child-1024x576.jpg\" \/>\n<meta name=\"author\" content=\"sberton\" \/>\n<meta name=\"twitter:card\" content=\"summary_large_image\" \/>\n<meta name=\"twitter:label1\" content=\"Written by\" \/>\n\t<meta name=\"twitter:data1\" content=\"sberton\" \/>\n\t<meta name=\"twitter:label2\" content=\"Est. reading time\" \/>\n\t<meta name=\"twitter:data2\" content=\"6 minutes\" \/>\n<script type=\"application\/ld+json\" class=\"yoast-schema-graph\">{\"@context\":\"https:\\\/\\\/schema.org\",\"@graph\":[{\"@type\":\"Article\",\"@id\":\"http:\\\/\\\/stanislasberton.com\\\/index.php\\\/2019\\\/10\\\/22\\\/de-linfantilisation\\\/#article\",\"isPartOf\":{\"@id\":\"http:\\\/\\\/stanislasberton.com\\\/index.php\\\/2019\\\/10\\\/22\\\/de-linfantilisation\\\/\"},\"author\":{\"name\":\"sberton\",\"@id\":\"https:\\\/\\\/stanislasberton.com\\\/#\\\/schema\\\/person\\\/35b8ff927e855a1e6c5cc1921d61e08c\"},\"headline\":\"De l&#8217;infantilisation\",\"datePublished\":\"2019-10-22T08:33:00+00:00\",\"dateModified\":\"2024-03-29T14:10:15+00:00\",\"mainEntityOfPage\":{\"@id\":\"http:\\\/\\\/stanislasberton.com\\\/index.php\\\/2019\\\/10\\\/22\\\/de-linfantilisation\\\/\"},\"wordCount\":1385,\"commentCount\":0,\"publisher\":{\"@id\":\"https:\\\/\\\/stanislasberton.com\\\/#\\\/schema\\\/person\\\/35b8ff927e855a1e6c5cc1921d61e08c\"},\"image\":{\"@id\":\"http:\\\/\\\/stanislasberton.com\\\/index.php\\\/2019\\\/10\\\/22\\\/de-linfantilisation\\\/#primaryimage\"},\"thumbnailUrl\":\"http:\\\/\\\/stanislasberton.com\\\/wp-content\\\/uploads\\\/2022\\\/08\\\/man_child-1024x576.jpg\",\"keywords\":[\"autonomie\",\"infantilisation\",\"souverainet\u00e9\"],\"articleSection\":[\"Psychologie\"],\"inLanguage\":\"en-US\",\"potentialAction\":[{\"@type\":\"CommentAction\",\"name\":\"Comment\",\"target\":[\"http:\\\/\\\/stanislasberton.com\\\/index.php\\\/2019\\\/10\\\/22\\\/de-linfantilisation\\\/#respond\"]}]},{\"@type\":\"WebPage\",\"@id\":\"http:\\\/\\\/stanislasberton.com\\\/index.php\\\/2019\\\/10\\\/22\\\/de-linfantilisation\\\/\",\"url\":\"http:\\\/\\\/stanislasberton.com\\\/index.php\\\/2019\\\/10\\\/22\\\/de-linfantilisation\\\/\",\"name\":\"De l'infantilisation - Stanislas BERTON\",\"isPartOf\":{\"@id\":\"https:\\\/\\\/stanislasberton.com\\\/#website\"},\"primaryImageOfPage\":{\"@id\":\"http:\\\/\\\/stanislasberton.com\\\/index.php\\\/2019\\\/10\\\/22\\\/de-linfantilisation\\\/#primaryimage\"},\"image\":{\"@id\":\"http:\\\/\\\/stanislasberton.com\\\/index.php\\\/2019\\\/10\\\/22\\\/de-linfantilisation\\\/#primaryimage\"},\"thumbnailUrl\":\"http:\\\/\\\/stanislasberton.com\\\/wp-content\\\/uploads\\\/2022\\\/08\\\/man_child-1024x576.jpg\",\"datePublished\":\"2019-10-22T08:33:00+00:00\",\"dateModified\":\"2024-03-29T14:10:15+00:00\",\"breadcrumb\":{\"@id\":\"http:\\\/\\\/stanislasberton.com\\\/index.php\\\/2019\\\/10\\\/22\\\/de-linfantilisation\\\/#breadcrumb\"},\"inLanguage\":\"en-US\",\"potentialAction\":[{\"@type\":\"ReadAction\",\"target\":[\"http:\\\/\\\/stanislasberton.com\\\/index.php\\\/2019\\\/10\\\/22\\\/de-linfantilisation\\\/\"]}]},{\"@type\":\"ImageObject\",\"inLanguage\":\"en-US\",\"@id\":\"http:\\\/\\\/stanislasberton.com\\\/index.php\\\/2019\\\/10\\\/22\\\/de-linfantilisation\\\/#primaryimage\",\"url\":\"http:\\\/\\\/stanislasberton.com\\\/wp-content\\\/uploads\\\/2022\\\/08\\\/man_child.jpg\",\"contentUrl\":\"http:\\\/\\\/stanislasberton.com\\\/wp-content\\\/uploads\\\/2022\\\/08\\\/man_child.jpg\",\"width\":1920,\"height\":1080},{\"@type\":\"BreadcrumbList\",\"@id\":\"http:\\\/\\\/stanislasberton.com\\\/index.php\\\/2019\\\/10\\\/22\\\/de-linfantilisation\\\/#breadcrumb\",\"itemListElement\":[{\"@type\":\"ListItem\",\"position\":1,\"name\":\"Home\",\"item\":\"https:\\\/\\\/stanislasberton.com\\\/\"},{\"@type\":\"ListItem\",\"position\":2,\"name\":\"De l&#8217;infantilisation\"}]},{\"@type\":\"WebSite\",\"@id\":\"https:\\\/\\\/stanislasberton.com\\\/#website\",\"url\":\"https:\\\/\\\/stanislasberton.com\\\/\",\"name\":\"Stanislas BERTON\",\"description\":\"Quantum potes, tantum aude\",\"publisher\":{\"@id\":\"https:\\\/\\\/stanislasberton.com\\\/#\\\/schema\\\/person\\\/35b8ff927e855a1e6c5cc1921d61e08c\"},\"potentialAction\":[{\"@type\":\"SearchAction\",\"target\":{\"@type\":\"EntryPoint\",\"urlTemplate\":\"https:\\\/\\\/stanislasberton.com\\\/?s={search_term_string}\"},\"query-input\":{\"@type\":\"PropertyValueSpecification\",\"valueRequired\":true,\"valueName\":\"search_term_string\"}}],\"inLanguage\":\"en-US\"},{\"@type\":[\"Person\",\"Organization\"],\"@id\":\"https:\\\/\\\/stanislasberton.com\\\/#\\\/schema\\\/person\\\/35b8ff927e855a1e6c5cc1921d61e08c\",\"name\":\"sberton\",\"image\":{\"@type\":\"ImageObject\",\"inLanguage\":\"en-US\",\"@id\":\"https:\\\/\\\/secure.gravatar.com\\\/avatar\\\/fb8e1e50c000ff4ca889d1d62ef01059d7ab27264b271cefe3e51ae17f8f69af?s=96&r=g\",\"url\":\"https:\\\/\\\/secure.gravatar.com\\\/avatar\\\/fb8e1e50c000ff4ca889d1d62ef01059d7ab27264b271cefe3e51ae17f8f69af?s=96&r=g\",\"contentUrl\":\"https:\\\/\\\/secure.gravatar.com\\\/avatar\\\/fb8e1e50c000ff4ca889d1d62ef01059d7ab27264b271cefe3e51ae17f8f69af?s=96&r=g\",\"caption\":\"sberton\"},\"logo\":{\"@id\":\"https:\\\/\\\/secure.gravatar.com\\\/avatar\\\/fb8e1e50c000ff4ca889d1d62ef01059d7ab27264b271cefe3e51ae17f8f69af?s=96&r=g\"}}]}<\/script>\n<!-- \/ Yoast SEO plugin. -->","yoast_head_json":{"title":"De l'infantilisation - Stanislas BERTON","robots":{"index":"index","follow":"follow","max-snippet":"max-snippet:-1","max-image-preview":"max-image-preview:large","max-video-preview":"max-video-preview:-1"},"canonical":"http:\/\/stanislasberton.com\/index.php\/2019\/10\/22\/de-linfantilisation\/","og_locale":"en_US","og_type":"article","og_title":"De l'infantilisation - Stanislas BERTON","og_description":"\u00ab&nbsp;Malheur \u00e0 toi, pays dont le roi est un enfant&nbsp;\u00bb Eccl\u00e9siastes 10&nbsp;:16 L\u2019infantilisation g\u00e9n\u00e9ralis\u00e9e constitue l\u2019une des caract\u00e9ristiques majeures de l\u2019Occident contemporain. Au-del\u00e0 de sa dimension psychologique et individuelle, ce ph\u00e9nom\u00e8ne affecte \u00e9galement le champ politique car une population bloqu\u00e9e au stade infantile est une population maintenue dans un \u00e9tat de d\u00e9pendance, incapable de pens\u00e9e [&hellip;]","og_url":"http:\/\/stanislasberton.com\/index.php\/2019\/10\/22\/de-linfantilisation\/","og_site_name":"Stanislas BERTON","article_published_time":"2019-10-22T08:33:00+00:00","article_modified_time":"2024-03-29T14:10:15+00:00","og_image":[{"url":"http:\/\/stanislasberton.com\/wp-content\/uploads\/2022\/08\/man_child-1024x576.jpg","type":"","width":"","height":""}],"author":"sberton","twitter_card":"summary_large_image","twitter_misc":{"Written by":"sberton","Est. reading time":"6 minutes"},"schema":{"@context":"https:\/\/schema.org","@graph":[{"@type":"Article","@id":"http:\/\/stanislasberton.com\/index.php\/2019\/10\/22\/de-linfantilisation\/#article","isPartOf":{"@id":"http:\/\/stanislasberton.com\/index.php\/2019\/10\/22\/de-linfantilisation\/"},"author":{"name":"sberton","@id":"https:\/\/stanislasberton.com\/#\/schema\/person\/35b8ff927e855a1e6c5cc1921d61e08c"},"headline":"De l&#8217;infantilisation","datePublished":"2019-10-22T08:33:00+00:00","dateModified":"2024-03-29T14:10:15+00:00","mainEntityOfPage":{"@id":"http:\/\/stanislasberton.com\/index.php\/2019\/10\/22\/de-linfantilisation\/"},"wordCount":1385,"commentCount":0,"publisher":{"@id":"https:\/\/stanislasberton.com\/#\/schema\/person\/35b8ff927e855a1e6c5cc1921d61e08c"},"image":{"@id":"http:\/\/stanislasberton.com\/index.php\/2019\/10\/22\/de-linfantilisation\/#primaryimage"},"thumbnailUrl":"http:\/\/stanislasberton.com\/wp-content\/uploads\/2022\/08\/man_child-1024x576.jpg","keywords":["autonomie","infantilisation","souverainet\u00e9"],"articleSection":["Psychologie"],"inLanguage":"en-US","potentialAction":[{"@type":"CommentAction","name":"Comment","target":["http:\/\/stanislasberton.com\/index.php\/2019\/10\/22\/de-linfantilisation\/#respond"]}]},{"@type":"WebPage","@id":"http:\/\/stanislasberton.com\/index.php\/2019\/10\/22\/de-linfantilisation\/","url":"http:\/\/stanislasberton.com\/index.php\/2019\/10\/22\/de-linfantilisation\/","name":"De l'infantilisation - Stanislas BERTON","isPartOf":{"@id":"https:\/\/stanislasberton.com\/#website"},"primaryImageOfPage":{"@id":"http:\/\/stanislasberton.com\/index.php\/2019\/10\/22\/de-linfantilisation\/#primaryimage"},"image":{"@id":"http:\/\/stanislasberton.com\/index.php\/2019\/10\/22\/de-linfantilisation\/#primaryimage"},"thumbnailUrl":"http:\/\/stanislasberton.com\/wp-content\/uploads\/2022\/08\/man_child-1024x576.jpg","datePublished":"2019-10-22T08:33:00+00:00","dateModified":"2024-03-29T14:10:15+00:00","breadcrumb":{"@id":"http:\/\/stanislasberton.com\/index.php\/2019\/10\/22\/de-linfantilisation\/#breadcrumb"},"inLanguage":"en-US","potentialAction":[{"@type":"ReadAction","target":["http:\/\/stanislasberton.com\/index.php\/2019\/10\/22\/de-linfantilisation\/"]}]},{"@type":"ImageObject","inLanguage":"en-US","@id":"http:\/\/stanislasberton.com\/index.php\/2019\/10\/22\/de-linfantilisation\/#primaryimage","url":"http:\/\/stanislasberton.com\/wp-content\/uploads\/2022\/08\/man_child.jpg","contentUrl":"http:\/\/stanislasberton.com\/wp-content\/uploads\/2022\/08\/man_child.jpg","width":1920,"height":1080},{"@type":"BreadcrumbList","@id":"http:\/\/stanislasberton.com\/index.php\/2019\/10\/22\/de-linfantilisation\/#breadcrumb","itemListElement":[{"@type":"ListItem","position":1,"name":"Home","item":"https:\/\/stanislasberton.com\/"},{"@type":"ListItem","position":2,"name":"De l&#8217;infantilisation"}]},{"@type":"WebSite","@id":"https:\/\/stanislasberton.com\/#website","url":"https:\/\/stanislasberton.com\/","name":"Stanislas BERTON","description":"Quantum potes, tantum aude","publisher":{"@id":"https:\/\/stanislasberton.com\/#\/schema\/person\/35b8ff927e855a1e6c5cc1921d61e08c"},"potentialAction":[{"@type":"SearchAction","target":{"@type":"EntryPoint","urlTemplate":"https:\/\/stanislasberton.com\/?s={search_term_string}"},"query-input":{"@type":"PropertyValueSpecification","valueRequired":true,"valueName":"search_term_string"}}],"inLanguage":"en-US"},{"@type":["Person","Organization"],"@id":"https:\/\/stanislasberton.com\/#\/schema\/person\/35b8ff927e855a1e6c5cc1921d61e08c","name":"sberton","image":{"@type":"ImageObject","inLanguage":"en-US","@id":"https:\/\/secure.gravatar.com\/avatar\/fb8e1e50c000ff4ca889d1d62ef01059d7ab27264b271cefe3e51ae17f8f69af?s=96&r=g","url":"https:\/\/secure.gravatar.com\/avatar\/fb8e1e50c000ff4ca889d1d62ef01059d7ab27264b271cefe3e51ae17f8f69af?s=96&r=g","contentUrl":"https:\/\/secure.gravatar.com\/avatar\/fb8e1e50c000ff4ca889d1d62ef01059d7ab27264b271cefe3e51ae17f8f69af?s=96&r=g","caption":"sberton"},"logo":{"@id":"https:\/\/secure.gravatar.com\/avatar\/fb8e1e50c000ff4ca889d1d62ef01059d7ab27264b271cefe3e51ae17f8f69af?s=96&r=g"}}]}},"_links":{"self":[{"href":"http:\/\/stanislasberton.com\/index.php\/wp-json\/wp\/v2\/posts\/3931","targetHints":{"allow":["GET"]}}],"collection":[{"href":"http:\/\/stanislasberton.com\/index.php\/wp-json\/wp\/v2\/posts"}],"about":[{"href":"http:\/\/stanislasberton.com\/index.php\/wp-json\/wp\/v2\/types\/post"}],"author":[{"embeddable":true,"href":"http:\/\/stanislasberton.com\/index.php\/wp-json\/wp\/v2\/users\/1"}],"replies":[{"embeddable":true,"href":"http:\/\/stanislasberton.com\/index.php\/wp-json\/wp\/v2\/comments?post=3931"}],"version-history":[{"count":0,"href":"http:\/\/stanislasberton.com\/index.php\/wp-json\/wp\/v2\/posts\/3931\/revisions"}],"wp:attachment":[{"href":"http:\/\/stanislasberton.com\/index.php\/wp-json\/wp\/v2\/media?parent=3931"}],"wp:term":[{"taxonomy":"category","embeddable":true,"href":"http:\/\/stanislasberton.com\/index.php\/wp-json\/wp\/v2\/categories?post=3931"},{"taxonomy":"post_tag","embeddable":true,"href":"http:\/\/stanislasberton.com\/index.php\/wp-json\/wp\/v2\/tags?post=3931"}],"curies":[{"name":"wp","href":"https:\/\/api.w.org\/{rel}","templated":true}]}}