{"id":3845,"date":"2019-11-07T10:49:00","date_gmt":"2019-11-07T09:49:00","guid":{"rendered":"http:\/\/stanislasberton.com\/?p=3845"},"modified":"2022-09-22T15:37:02","modified_gmt":"2022-09-22T13:37:02","slug":"de-lalliance-antimondialiste","status":"publish","type":"post","link":"http:\/\/stanislasberton.com\/index.php\/2019\/11\/07\/de-lalliance-antimondialiste\/","title":{"rendered":"De l&#8217;alliance antimondialiste"},"content":{"rendered":"\n<figure class=\"wp-block-image size-large is-resized\"><img loading=\"lazy\" decoding=\"async\" src=\"http:\/\/stanislasberton.com\/wp-content\/uploads\/2022\/07\/Brics-1024x788.jpg\" alt=\"\" class=\"wp-image-3846\" width=\"601\" height=\"462\" srcset=\"http:\/\/stanislasberton.com\/wp-content\/uploads\/2022\/07\/Brics-1024x788.jpg 1024w, http:\/\/stanislasberton.com\/wp-content\/uploads\/2022\/07\/Brics-300x231.jpg 300w, http:\/\/stanislasberton.com\/wp-content\/uploads\/2022\/07\/Brics-768x591.jpg 768w, http:\/\/stanislasberton.com\/wp-content\/uploads\/2022\/07\/Brics-1536x1182.jpg 1536w, http:\/\/stanislasberton.com\/wp-content\/uploads\/2022\/07\/Brics-620x477.jpg 620w, http:\/\/stanislasberton.com\/wp-content\/uploads\/2022\/07\/Brics.jpg 2048w\" sizes=\"auto, (max-width: 601px) 100vw, 601px\" \/><\/figure>\n\n\n\n<p><\/p>\n\n\n\n<p>\u00ab&nbsp;Les ennemis de mes ennemis sont mes amis&nbsp;\u00bb<\/p>\n\n\n\n<p>Proverbe fran\u00e7ais<\/p>\n\n\n\n<p><\/p>\n\n\n\n<p>Pour le sociologue Julien Freund, <em>le <\/em>politique, en tant qu&#8217;essence, se trouve structur\u00e9 par plusieurs couples de notions telles qu\u2019ob\u00e9issance\/commandement, public\/priv\u00e9 et surtout ami\/ennemi. Dans le cadre de la guerre en cours contre le mondialisme, cette derni\u00e8re distinction est plus importante que jamais et trop de patriotes commentent l\u2019erreur d\u2019utiliser les crit\u00e8res sugg\u00e9r\u00e9s ou impos\u00e9s par les m\u00e9dias de masse pour d\u00e9terminer qui sont leurs amis et qui sont leurs ennemis.<\/p>\n\n\n\n<p>Commen\u00e7ons par rappeler que le mondialisme est un projet d\u2019essence totalitaire qui vise justement \u00e0 supprimer le politique tel que d\u00e9fini par la typologie de Julien Freund&nbsp;: suppression de la vie et de la propri\u00e9t\u00e9 priv\u00e9es (surveillance g\u00e9n\u00e9ralis\u00e9e + \u00e9conomie de la location perp\u00e9tuelle)&nbsp;; ob\u00e9issance impos\u00e9e par la technostructure (cr\u00e9dit social, passe climatique ou sanitaire) et exprim\u00e9e par des commandements (\u00ab&nbsp;vous ne poss\u00e9derez rien et vous serez heureux&nbsp;\u00bb ) et enfin, mise en place d\u2019un gouvernement mondial supprimant de fait la possibilit\u00e9 m\u00eame d\u2019une alternative politique (s\u2019il existe une gouvernance mondiale, aucune structure politique terrestre ne peut lui \u00eatre ext\u00e9rieure.)<\/p>\n\n\n\n<p>Ce projet, port\u00e9 par <a href=\"http:\/\/stanislasberton.com\/index.php\/2019\/11\/16\/des-mondialistes\/\">l\u2019oligarchie mondialiste<\/a>, repose sur le contr\u00f4le de la monnaie via les banques centrales, <a href=\"http:\/\/stanislasberton.com\/index.php\/2019\/11\/05\/de-la-desinformation\/\">la manipulation psychologique<\/a> de l\u2019opinion publique par les m\u00e9dias de masse et vise \u00e0 la destruction des nations, des peuples et de toute forme organique et traditionnelle de culture au nom d\u2019un projet messianique d\u2019inversion de toutes les valeurs et de transformation de l\u2019Homme en \u00ab&nbsp;dieu&nbsp;\u00bb.<\/p>\n\n\n\n<p>Si un tel projet a pu s\u00e9duire une large partie des \u00ab\u00a0\u00e9lites\u00a0\u00bb occidentales, une large coalition antimondialiste est apparue au cours des derni\u00e8res d\u00e9cennies afin d\u2019une part, de mettre en \u00e9chec le projet mondialiste et d\u2019autre part, de proposer une alternative \u00e0 ce projet totalitaire global. Dans le cadre de cette guerre, si le r\u00f4le jou\u00e9 par des chefs d\u2019\u00e9tats comme Donald Trump, Vladimir Poutine, Jair Bolsonaro, Viktor Orban appara\u00eet comme relativement clair, cette coalition compte d\u2019autres alli\u00e9s dont le r\u00f4le peut \u00eatre plus difficile \u00e0 admettre ou \u00e0 saisir.<\/p>\n\n\n\n<p>Imaginons par exemple que vous soyez un prince saoudien. Issu d\u2019une longue lign\u00e9e de fiers guerriers du d\u00e9sert, vous n\u2019appr\u00e9ciez pas que votre pays se trouve sous la coupe du mondialisme depuis le d\u00e9but du XXe si\u00e8cle et que certains <a href=\"https:\/\/qposts.online\/post\/56\">agents locaux<\/a> soient en mesure de contester ou concurrencer votre pouvoir de futur monarque. En tant que musulman et protecteur de plusieurs lieux saints, vous n\u2019appr\u00e9ciez pas non plus que le mondialisme ait pour objectif, \u00e0 terme, de dissoudre l\u2019Islam dans <a href=\"https:\/\/www.bvoltaire.fr\/connaissez-vous-le-noachisme\/\">une grande religion mondiale inclusive<\/a> avec un statut sp\u00e9cial r\u00e9serv\u00e9 pour la Mecque. Pour finir, vous comprenez \u00e9galement comment votre participation \u00e0 une alliance antimondialiste pourrait renforcer votre r\u00f4le de puissance r\u00e9gionale et pourquoi le fait que votre pays soit une plaque tournante du trafic d\u2019\u00eatres humains n\u2019est pas forc\u00e9ment une bonne chose pour son image ou ses perspectives d\u2019avenir.<\/p>\n\n\n\n<p>Par cons\u00e9quent, tout musulman et saoudien que vous \u00eates cela fait de vous un alli\u00e9 objectif dans la guerre contre le mondialisme et pour sceller cette alliance, vous allez recevoir en grande pompe le pr\u00e9sident Trump et l\u2019inviter \u00e0 participer \u00e0 <em>l\u2019Al Ardha<\/em>, cette danse des sabres que pratiquent depuis des temps imm\u00e9moriaux les guerriers saoudiens avant d\u2019entrer en guerre.<\/p>\n\n\n\n<figure class=\"wp-block-embed is-type-video is-provider-youtube wp-block-embed-youtube wp-embed-aspect-16-9 wp-has-aspect-ratio\"><div class=\"wp-block-embed__wrapper\">\n<iframe loading=\"lazy\" title=\"Trump, Tillerson, Ross dance with swords in Saudi Arabia\" width=\"620\" height=\"349\" src=\"https:\/\/www.youtube.com\/embed\/eFOyCwCRTgw?feature=oembed\" frameborder=\"0\" allow=\"accelerometer; autoplay; clipboard-write; encrypted-media; gyroscope; picture-in-picture; web-share\" referrerpolicy=\"strict-origin-when-cross-origin\" allowfullscreen><\/iframe>\n<\/div><\/figure>\n\n\n\n<p><\/p>\n\n\n\n<p>Imaginons ensuite que vous soyez un taliban et que vous voulez vivre comme vous avez toujours v\u00e9cu, c\u2019est-\u00e0-dire vivre selon les principes du <em>pachtounwali,<\/em> le code de l\u2019honneur du pachtoun. Vous n\u2019avez pas non plus envie de voir des drapeaux LGBT flotter dans les rues de Kaboul, ni les femmes afghanes \u00ab&nbsp;s\u2019occidentaliser&nbsp;\u00bb, ce qui, de votre point de vue, serait la pire chose qui puisse leur arriver. De la m\u00eame mani\u00e8re, vous n\u2019appr\u00e9ciez pas que les troupes de l\u2019OTAN viennent occuper votre pays pour y <a href=\"https:\/\/nypost.com\/2015\/09\/25\/yes-our-troops-were-ordered-to-ignore-afghan-pedophiles\/\">r\u00e9autoriser <\/a>la p\u00e9dophilie et la pratique du <em>bacha bazi<\/em> (jeu avec les gar\u00e7ons), <a href=\"https:\/\/www.huffpost.com\/entry\/us-continues-to-ignore-ma_b_11307442\">crime s\u00e9v\u00e8rement puni<\/a> lors que vous exerciez le pouvoir, et y cultiver massivement un pavot qui sera ensuite transform\u00e9 en drogues dures pour empoisonner l\u2019Occident via l\u2019h\u00e9ro\u00efne ou des opio\u00efdes comme l\u2019Oxycontin, la Vicodin ou le Fentanyl. (D\u2019apr\u00e8s le CDC, <a href=\"https:\/\/fr.wikipedia.org\/wiki\/Crise_des_opio%C3%AFdes\">l\u2019\u00e9pid\u00e9mie d\u2019opio\u00efdes<\/a> est responsable de la mort de plus de 500&nbsp;000 am\u00e9ricains entre 1999 et 2018).<\/p>\n\n\n\n<p>Tout Taliban que vous \u00eates, vous n\u2019aimez pas les p\u00e9dophiles, les trafiquants de drogue et encore moins &nbsp;les gens qui viennent envahir votre pays pour vous forcer \u00e0 abandonner un mode de vie ancestral, soutenu par plus de&nbsp; 80% de la population, au nom de la d\u00e9mocratie, des droits de l\u2019homme et du \u00ab&nbsp;Progr\u00e8s&nbsp;\u00bb. Cela fait donc de vous un alli\u00e9 objectif dans la lutte contre le mondialisme et explique sans doute pourquoi en 2021, les \u00c9tats-Unis ont apparemment quitt\u00e9 votre pays la queue entre les jambes apr\u00e8s y avoir laiss\u00e9 pour plusieurs dizaines de milliards de dollars d\u2019armes, de mat\u00e9riel et d&#8217;\u00e9quipement.<\/p>\n\n\n\n<p>Imaginons ensuite que vous soyez un dirigeant chinois. En bon connaisseur de l\u2019Histoire, vous vous souvenez des guerres de l\u2019opium de 1839 \u00e0 1856 et de l\u2019occupation de la Chine par les forces mondialistes imp\u00e9rialistes britanniques et fran\u00e7aises. Vous vous souvenez \u00e9galement que la banque JP Morgan, alli\u00e9e \u00e0 la compagnie britannique des indes orientales cherch\u00e8rent, \u00e0 partir de 1911, <a href=\"https:\/\/larouchepub.com\/other\/2004\/3123morgan_v_dr_sun.html\">\u00e0 neutraliser Sun-Yat-Sen<\/a>, le p\u00e8re de la r\u00e9publique chinoise oppos\u00e9 \u00e0 l\u2019exploitation coloniale de son pays. Conscient de pr\u00e9sider aux destin\u00e9es d\u2019un des plus vieux \u00e9tats du monde, vous ne souhaitez pas voir la Chine perdre sa souverainet\u00e9 dans le cadre d\u2019un Nouvel Ordre Mondial et souhaitez continuer \u00e0 suivre un chemin de d\u00e9veloppement qui vous est propre, qu\u2019il s\u2019agisse du \u00ab&nbsp;socialisme avec des caract\u00e9ristiques chinoises&nbsp;\u00bb ou du mouvement \u00ab&nbsp;n\u00e9o-autoritaire&nbsp;\u00bb m\u00ealant le socialisme marxiste avec les valeurs confuc\u00e9ennes traditionnelles. Tr\u00e8s bien conseill\u00e9 par <a href=\"https:\/\/palladiummag.com\/2021\/10\/11\/the-triumph-and-terror-of-wang-huning\/\">Wang Huning<\/a>, vous avez compris que l\u2019id\u00e9ologie mondialiste ne peut que conduire \u00e0 l\u2019effondrement interne des peuples et des nations via la promotion du mat\u00e9rialisme,&nbsp; le d\u00e9veloppement du nihilisme et \u00e0 la d\u00e9sint\u00e9gration de la cellule de base de la soci\u00e9t\u00e9 qu\u2019est la famille.<\/p>\n\n\n\n<p>En bon strat\u00e8ge chinois, si vous avez su pendant un temps utiliser le mondialisme pour d\u00e9velopper la Chine et atteindre vos objectifs dans le cadre du \u00ab&nbsp;<a href=\"http:\/\/stanislasberton.com\/index.php\/2019\/11\/07\/du-marathon-de-cent-ans-livre\/\">Marathon de Cent Ans<\/a>&nbsp;\u00bb, vous avez d\u00e9sormais compris la n\u00e9cessit\u00e9 de lutter contre cette id\u00e9ologie et avez pris un ensemble de mesures pour neutraliser ses agents, garantir votre souverainet\u00e9 et <a href=\"https:\/\/www.france24.com\/fr\/info-en-continu\/20210929-chine-le-pouvoir-tente-de-reprendre-en-mains-sa-jeunesse\">\u00e9viter la perversion de la jeunesse chinoise<\/a>, des d\u00e9cisions qui vous ont valu d&#8217;\u00eatre publiquement d\u00e9sign\u00e9 comme &#8220;<a href=\"https:\/\/www.foxbusiness.com\/politics\/soros-china-xi-jinping-greatest-threat-open-societies-face\">l&#8217;un des plus grands ennemis des soci\u00e9t\u00e9s ouvertes<\/a>&#8221; par  le financier George Soros.<\/p>\n\n\n\n<p>Enfin, admettons que vous soyez un haut-fonctionnaire bard\u00e9 de dipl\u00f4me ou un journaliste influent. En partie par opportunisme, en partie par conviction, vous avez cru au mondialisme. Vous avez adh\u00e9r\u00e9 \u00e0 l\u2019id\u00e9e d\u2019un monde sans fronti\u00e8res dirig\u00e9 par une \u00e9lite \u00e9clair\u00e9e utilisant des technologies avanc\u00e9es pour r\u00e9soudre les grands probl\u00e8mes de l\u2019humanit\u00e9. Mais avec le temps, votre opinion a chang\u00e9. La gestion de la crise Covid, les personnes \u00e2g\u00e9es euthanasi\u00e9es \u00e0 coup de Rivotril dans les maisons de retraite, l\u2019AVC ou la crise cardiaque de votre beau-p\u00e8re suite \u00e0 sa troisi\u00e8me dose, l\u2019explosion des pens\u00e9es suicidaires chez les enfants et les adolescents, le m\u00e9pris g\u00e9n\u00e9ralis\u00e9 pour une population consid\u00e9r\u00e9 comme du b\u00e9tail, tout cela vous a fait un peu r\u00e9fl\u00e9chir. Et puis, il y a eu toutes ces affaires de p\u00e9docriminalit\u00e9, ces appels r\u00e9p\u00e9t\u00e9s \u00e0 r\u00e9duire la population mondiale et ces rumeurs de rituels sataniques dont vous aviez d\u00e9j\u00e0 entendu parler mais que vous aviez toujours refus\u00e9 de prendre au s\u00e9rieux. Et puis un jour, quelqu\u2019un vous a approch\u00e9 et vous a fait une offre que vous ne pouviez pas refuser. Cette personne vous a expliqu\u00e9 qu\u2019il &nbsp;serait mieux pour vous, pour votre famille et pour le monde que vous aidiez \u00e0 d\u00e9truire le syst\u00e8me mondialiste de l\u2019int\u00e9rieur et que votre coop\u00e9ration pourrait vous \u00e9viter de finir en prison, voire d\u2019\u00eatre pendu ou fusill\u00e9 en place publique.<\/p>\n\n\n\n<p>Au lieu d\u2019aller directement en enfer, vous vous retrouvez au Purgatoire et cela fait de vous un alli\u00e9 objectif dans la guerre contre le mondialisme.<\/p>\n\n\n\n<p>Dans cette guerre contre le mondialisme, l\u2019ami ou l\u2019alli\u00e9 est celui qui, pour des raisons qui lui sont propres, contribue \u00e0 la destruction de cette mafia transnationale qui a infiltr\u00e9 pour mieux subvertir les institutions \u00e9conomiques, politiques et intellectuelles de la plupart des pays de la plan\u00e8te. A l\u2019inverse, l\u2019ennemi est celui qui cherche \u00e0 maintenir ce syst\u00e8me, y compris sous la forme redoutable de <a href=\"http:\/\/stanislasberton.com\/index.php\/2019\/11\/06\/de-lopposition-controlee\/\">l\u2019opposition contr\u00f4l\u00e9e<\/a>. A la guerre, l\u2019adversaire le plus dangereux n\u2019est pas celui qui vous dit qu\u2019il est votre ennemi mais celui qui se fait passer pour votre ami.<\/p>\n\n\n\n<p><strong>L\u2019objectif de cette guerre contre le mondialisme n\u2019est pas de mettre un terme \u00e0 la pauvret\u00e9, \u00e0 la maladie ou \u00e0 l\u2019injustice mais de donner une chance aux peuples et aux nations de vivre comme bon&nbsp; leur semble et de faire leurs propres choix, bons ou mauvais, apr\u00e8s avoir retrouv\u00e9 leur souverainet\u00e9 politique, \u00e9conomique et culturelle.<\/strong> Cela n\u2019emp\u00eachera pas les Russes de chercher \u00e0 espionner les Am\u00e9ricains et les Am\u00e9ricains, les Russes, ni aux Chinois de s\u2019int\u00e9resser \u00e0 la propri\u00e9t\u00e9 intellectuelle des deux. Cela n\u2019emp\u00eachera pas non plus &nbsp;les musulmans de penser que les chr\u00e9tiens sont des m\u00e9cr\u00e9ants et qu\u2019il n\u2019y a pas d\u2019autre dieu qu\u2019Allah, ni les chr\u00e9tiens de penser que le Christ est le chemin, la v\u00e9rit\u00e9 et la vie et que nul ne vient au P\u00e8re que par Lui. Enfin, cela n\u2019emp\u00eachera pas les requins de continuer \u00e0 plumer les pigeons, ni \u00ab&nbsp;au fort de faire ce qu\u2019il peut et au faible de souffrir ce qu\u2019il doit&nbsp;\u00bb (Thucydide).<\/p>\n\n\n\n<p>Mais tout cela se fera d\u00e9sormais \u00ab&nbsp;\u00e0 la r\u00e9guli\u00e8re&nbsp;\u00bb dans le cadre d\u2019une concurrence classique entre nations souveraines, libres de se d\u00e9velopper selon des sch\u00e9mas qui leur sont propres et de former des alliances strat\u00e9giques conformes \u00e0 leurs int\u00e9r\u00eats, comme sont actuellement en train de le faire les&nbsp;BRICS, actuellement <a href=\"https:\/\/www.conflits-nations.com\/politique\/964878_le-president-des-brics-anand-a-annonce-une-eventuelle-expansion-du-groupe\">en discussion<\/a> pour inclure l\u2019Arabie Saoudite, la Turquie et l\u2019\u00c9gypte.<\/p>\n\n\n\n<p>Cet objectif n\u2019est peut-\u00eatre pas suffisant pour ceux qui esp\u00e9raient une lib\u00e9ration de l\u2019humanit\u00e9 de toutes ses souffrances et de toutes ses servitudes. En tant que peuple franc, c\u2019est-\u00e0-dire libre, les Fran\u00e7ais doivent se souvenir que rien n\u2019est plus important et pr\u00e9cieux que la libert\u00e9. Quant aux chr\u00e9tiens, ils savent que l\u2019Homme est un \u00eatre d\u00e9chu, marqu\u00e9 par le p\u00e9ch\u00e9, et que le Paradis ne se trouve pas sur cette Terre mais au Ciel. Et m\u00eame si Satan reste le \u00ab&nbsp;Prince de ce Monde&nbsp;\u00bb, c\u2019est le devoir de tous les hommes de bonne volont\u00e9 de se battre de toutes leurs forces pour que ses plans soient mis en \u00e9chec, que son pouvoir demeure aussi limit\u00e9 et d\u00e9risoire que possible et surtout, que les enfants, pr\u00e9sents ou \u00e0 venir, soient prot\u00e9g\u00e9s aussi bien de son influence que des sacrifices qu&#8217;il exige. <\/p>\n\n\n\n<p>Pour aller plus loin&nbsp;:<\/p>\n\n\n\n<p><a href=\"http:\/\/stanislasberton.com\/index.php\/2019\/11\/16\/des-mondialistes\/\">Des mondialistes<\/a><\/p>\n\n\n\n<p><a href=\"http:\/\/stanislasberton.com\/index.php\/2019\/11\/06\/de-lopposition-controlee\/\">De l\u2019opposition contr\u00f4l\u00e9e<\/a><\/p>\n\n\n\n<p><a href=\"http:\/\/stanislasberton.com\/index.php\/2019\/11\/05\/de-la-desinformation\/\">De la d\u00e9sinformation<\/a><\/p>\n\n\n\n<p><a href=\"https:\/\/lesakerfrancophone.fr\/un-entretien-avec-sergei-glazyev-pour-presenter-le-nouveau-systeme-financier-mondial\">Entretien avec Sergei Glaziev<\/a> sur le nouveau syst\u00e8me financier mondial <\/p>\n\n\n\n<p><a href=\"https:\/\/lesakerfrancophone.fr\/le-virage-historique-reussi-du-prince-heritier-mohammed-ben-salmane\">Le virage historique du prince Mohammed Ben Salmane<\/a><\/p>\n\n\n\n<p><a href=\"https:\/\/www.zerohedge.com\/geopolitical\/putin-kim-leaders-worlds-most-sanctioned-countries-pledge-deeper-ties-against-hostile\">Coop\u00e9ration renforc\u00e9e entre la Russie et la Cor\u00e9e du Nord<\/a><\/p>\n","protected":false},"excerpt":{"rendered":"<p>\u00ab&nbsp;Les ennemis de mes ennemis sont mes amis&nbsp;\u00bb Proverbe fran\u00e7ais Pour le sociologue Julien Freund, le politique, en tant qu&#8217;essence, se trouve structur\u00e9 par plusieurs couples de notions telles qu\u2019ob\u00e9issance\/commandement, public\/priv\u00e9 et surtout ami\/ennemi. Dans le cadre de la guerre en cours contre le mondialisme, cette derni\u00e8re distinction est plus importante que jamais et trop [&hellip;]<\/p>\n","protected":false},"author":1,"featured_media":0,"comment_status":"open","ping_status":"closed","sticky":false,"template":"","format":"standard","meta":{"footnotes":""},"categories":[2],"tags":[],"class_list":["post-3845","post","type-post","status-publish","format-standard","hentry","category-politique"],"yoast_head":"<!-- This site is optimized with the Yoast SEO plugin v27.4 - https:\/\/yoast.com\/product\/yoast-seo-wordpress\/ -->\n<title>De l&#039;alliance antimondialiste - Stanislas BERTON<\/title>\n<meta name=\"robots\" content=\"index, follow, max-snippet:-1, max-image-preview:large, max-video-preview:-1\" \/>\n<link rel=\"canonical\" href=\"https:\/\/stanislasberton.com\/index.php\/2019\/11\/07\/de-lalliance-antimondialiste\/\" \/>\n<meta property=\"og:locale\" content=\"en_US\" \/>\n<meta property=\"og:type\" content=\"article\" \/>\n<meta property=\"og:title\" content=\"De l&#039;alliance antimondialiste - Stanislas BERTON\" \/>\n<meta property=\"og:description\" content=\"\u00ab&nbsp;Les ennemis de mes ennemis sont mes amis&nbsp;\u00bb Proverbe fran\u00e7ais Pour le sociologue Julien Freund, le politique, en tant qu&#8217;essence, se trouve structur\u00e9 par plusieurs couples de notions telles qu\u2019ob\u00e9issance\/commandement, public\/priv\u00e9 et surtout ami\/ennemi. Dans le cadre de la guerre en cours contre le mondialisme, cette derni\u00e8re distinction est plus importante que jamais et trop [&hellip;]\" \/>\n<meta property=\"og:url\" content=\"https:\/\/stanislasberton.com\/index.php\/2019\/11\/07\/de-lalliance-antimondialiste\/\" \/>\n<meta property=\"og:site_name\" content=\"Stanislas BERTON\" \/>\n<meta property=\"article:published_time\" content=\"2019-11-07T09:49:00+00:00\" \/>\n<meta property=\"article:modified_time\" content=\"2022-09-22T13:37:02+00:00\" \/>\n<meta property=\"og:image\" content=\"http:\/\/stanislasberton.com\/wp-content\/uploads\/2022\/07\/Brics-1024x788.jpg\" \/>\n<meta name=\"author\" content=\"sberton\" \/>\n<meta name=\"twitter:card\" content=\"summary_large_image\" \/>\n<meta name=\"twitter:label1\" content=\"Written by\" \/>\n\t<meta name=\"twitter:data1\" content=\"sberton\" \/>\n\t<meta name=\"twitter:label2\" content=\"Est. reading time\" \/>\n\t<meta name=\"twitter:data2\" content=\"9 minutes\" \/>\n<script type=\"application\/ld+json\" class=\"yoast-schema-graph\">{\"@context\":\"https:\\\/\\\/schema.org\",\"@graph\":[{\"@type\":\"Article\",\"@id\":\"https:\\\/\\\/stanislasberton.com\\\/index.php\\\/2019\\\/11\\\/07\\\/de-lalliance-antimondialiste\\\/#article\",\"isPartOf\":{\"@id\":\"https:\\\/\\\/stanislasberton.com\\\/index.php\\\/2019\\\/11\\\/07\\\/de-lalliance-antimondialiste\\\/\"},\"author\":{\"name\":\"sberton\",\"@id\":\"https:\\\/\\\/stanislasberton.com\\\/#\\\/schema\\\/person\\\/35b8ff927e855a1e6c5cc1921d61e08c\"},\"headline\":\"De l&#8217;alliance antimondialiste\",\"datePublished\":\"2019-11-07T09:49:00+00:00\",\"dateModified\":\"2022-09-22T13:37:02+00:00\",\"mainEntityOfPage\":{\"@id\":\"https:\\\/\\\/stanislasberton.com\\\/index.php\\\/2019\\\/11\\\/07\\\/de-lalliance-antimondialiste\\\/\"},\"wordCount\":2088,\"commentCount\":0,\"publisher\":{\"@id\":\"https:\\\/\\\/stanislasberton.com\\\/#\\\/schema\\\/person\\\/35b8ff927e855a1e6c5cc1921d61e08c\"},\"image\":{\"@id\":\"https:\\\/\\\/stanislasberton.com\\\/index.php\\\/2019\\\/11\\\/07\\\/de-lalliance-antimondialiste\\\/#primaryimage\"},\"thumbnailUrl\":\"http:\\\/\\\/stanislasberton.com\\\/wp-content\\\/uploads\\\/2022\\\/07\\\/Brics-1024x788.jpg\",\"articleSection\":[\"Politique\"],\"inLanguage\":\"en-US\",\"potentialAction\":[{\"@type\":\"CommentAction\",\"name\":\"Comment\",\"target\":[\"https:\\\/\\\/stanislasberton.com\\\/index.php\\\/2019\\\/11\\\/07\\\/de-lalliance-antimondialiste\\\/#respond\"]}]},{\"@type\":\"WebPage\",\"@id\":\"https:\\\/\\\/stanislasberton.com\\\/index.php\\\/2019\\\/11\\\/07\\\/de-lalliance-antimondialiste\\\/\",\"url\":\"https:\\\/\\\/stanislasberton.com\\\/index.php\\\/2019\\\/11\\\/07\\\/de-lalliance-antimondialiste\\\/\",\"name\":\"De l'alliance antimondialiste - Stanislas BERTON\",\"isPartOf\":{\"@id\":\"https:\\\/\\\/stanislasberton.com\\\/#website\"},\"primaryImageOfPage\":{\"@id\":\"https:\\\/\\\/stanislasberton.com\\\/index.php\\\/2019\\\/11\\\/07\\\/de-lalliance-antimondialiste\\\/#primaryimage\"},\"image\":{\"@id\":\"https:\\\/\\\/stanislasberton.com\\\/index.php\\\/2019\\\/11\\\/07\\\/de-lalliance-antimondialiste\\\/#primaryimage\"},\"thumbnailUrl\":\"http:\\\/\\\/stanislasberton.com\\\/wp-content\\\/uploads\\\/2022\\\/07\\\/Brics-1024x788.jpg\",\"datePublished\":\"2019-11-07T09:49:00+00:00\",\"dateModified\":\"2022-09-22T13:37:02+00:00\",\"breadcrumb\":{\"@id\":\"https:\\\/\\\/stanislasberton.com\\\/index.php\\\/2019\\\/11\\\/07\\\/de-lalliance-antimondialiste\\\/#breadcrumb\"},\"inLanguage\":\"en-US\",\"potentialAction\":[{\"@type\":\"ReadAction\",\"target\":[\"https:\\\/\\\/stanislasberton.com\\\/index.php\\\/2019\\\/11\\\/07\\\/de-lalliance-antimondialiste\\\/\"]}]},{\"@type\":\"ImageObject\",\"inLanguage\":\"en-US\",\"@id\":\"https:\\\/\\\/stanislasberton.com\\\/index.php\\\/2019\\\/11\\\/07\\\/de-lalliance-antimondialiste\\\/#primaryimage\",\"url\":\"http:\\\/\\\/stanislasberton.com\\\/wp-content\\\/uploads\\\/2022\\\/07\\\/Brics.jpg\",\"contentUrl\":\"http:\\\/\\\/stanislasberton.com\\\/wp-content\\\/uploads\\\/2022\\\/07\\\/Brics.jpg\",\"width\":2048,\"height\":1576},{\"@type\":\"BreadcrumbList\",\"@id\":\"https:\\\/\\\/stanislasberton.com\\\/index.php\\\/2019\\\/11\\\/07\\\/de-lalliance-antimondialiste\\\/#breadcrumb\",\"itemListElement\":[{\"@type\":\"ListItem\",\"position\":1,\"name\":\"Home\",\"item\":\"https:\\\/\\\/stanislasberton.com\\\/\"},{\"@type\":\"ListItem\",\"position\":2,\"name\":\"De l&#8217;alliance antimondialiste\"}]},{\"@type\":\"WebSite\",\"@id\":\"https:\\\/\\\/stanislasberton.com\\\/#website\",\"url\":\"https:\\\/\\\/stanislasberton.com\\\/\",\"name\":\"Stanislas BERTON\",\"description\":\"Quantum potes, tantum aude\",\"publisher\":{\"@id\":\"https:\\\/\\\/stanislasberton.com\\\/#\\\/schema\\\/person\\\/35b8ff927e855a1e6c5cc1921d61e08c\"},\"potentialAction\":[{\"@type\":\"SearchAction\",\"target\":{\"@type\":\"EntryPoint\",\"urlTemplate\":\"https:\\\/\\\/stanislasberton.com\\\/?s={search_term_string}\"},\"query-input\":{\"@type\":\"PropertyValueSpecification\",\"valueRequired\":true,\"valueName\":\"search_term_string\"}}],\"inLanguage\":\"en-US\"},{\"@type\":[\"Person\",\"Organization\"],\"@id\":\"https:\\\/\\\/stanislasberton.com\\\/#\\\/schema\\\/person\\\/35b8ff927e855a1e6c5cc1921d61e08c\",\"name\":\"sberton\",\"image\":{\"@type\":\"ImageObject\",\"inLanguage\":\"en-US\",\"@id\":\"https:\\\/\\\/secure.gravatar.com\\\/avatar\\\/fb8e1e50c000ff4ca889d1d62ef01059d7ab27264b271cefe3e51ae17f8f69af?s=96&r=g\",\"url\":\"https:\\\/\\\/secure.gravatar.com\\\/avatar\\\/fb8e1e50c000ff4ca889d1d62ef01059d7ab27264b271cefe3e51ae17f8f69af?s=96&r=g\",\"contentUrl\":\"https:\\\/\\\/secure.gravatar.com\\\/avatar\\\/fb8e1e50c000ff4ca889d1d62ef01059d7ab27264b271cefe3e51ae17f8f69af?s=96&r=g\",\"caption\":\"sberton\"},\"logo\":{\"@id\":\"https:\\\/\\\/secure.gravatar.com\\\/avatar\\\/fb8e1e50c000ff4ca889d1d62ef01059d7ab27264b271cefe3e51ae17f8f69af?s=96&r=g\"}}]}<\/script>\n<!-- \/ Yoast SEO plugin. -->","yoast_head_json":{"title":"De l'alliance antimondialiste - Stanislas BERTON","robots":{"index":"index","follow":"follow","max-snippet":"max-snippet:-1","max-image-preview":"max-image-preview:large","max-video-preview":"max-video-preview:-1"},"canonical":"https:\/\/stanislasberton.com\/index.php\/2019\/11\/07\/de-lalliance-antimondialiste\/","og_locale":"en_US","og_type":"article","og_title":"De l'alliance antimondialiste - Stanislas BERTON","og_description":"\u00ab&nbsp;Les ennemis de mes ennemis sont mes amis&nbsp;\u00bb Proverbe fran\u00e7ais Pour le sociologue Julien Freund, le politique, en tant qu&#8217;essence, se trouve structur\u00e9 par plusieurs couples de notions telles qu\u2019ob\u00e9issance\/commandement, public\/priv\u00e9 et surtout ami\/ennemi. Dans le cadre de la guerre en cours contre le mondialisme, cette derni\u00e8re distinction est plus importante que jamais et trop [&hellip;]","og_url":"https:\/\/stanislasberton.com\/index.php\/2019\/11\/07\/de-lalliance-antimondialiste\/","og_site_name":"Stanislas BERTON","article_published_time":"2019-11-07T09:49:00+00:00","article_modified_time":"2022-09-22T13:37:02+00:00","og_image":[{"url":"http:\/\/stanislasberton.com\/wp-content\/uploads\/2022\/07\/Brics-1024x788.jpg","type":"","width":"","height":""}],"author":"sberton","twitter_card":"summary_large_image","twitter_misc":{"Written by":"sberton","Est. reading time":"9 minutes"},"schema":{"@context":"https:\/\/schema.org","@graph":[{"@type":"Article","@id":"https:\/\/stanislasberton.com\/index.php\/2019\/11\/07\/de-lalliance-antimondialiste\/#article","isPartOf":{"@id":"https:\/\/stanislasberton.com\/index.php\/2019\/11\/07\/de-lalliance-antimondialiste\/"},"author":{"name":"sberton","@id":"https:\/\/stanislasberton.com\/#\/schema\/person\/35b8ff927e855a1e6c5cc1921d61e08c"},"headline":"De l&#8217;alliance antimondialiste","datePublished":"2019-11-07T09:49:00+00:00","dateModified":"2022-09-22T13:37:02+00:00","mainEntityOfPage":{"@id":"https:\/\/stanislasberton.com\/index.php\/2019\/11\/07\/de-lalliance-antimondialiste\/"},"wordCount":2088,"commentCount":0,"publisher":{"@id":"https:\/\/stanislasberton.com\/#\/schema\/person\/35b8ff927e855a1e6c5cc1921d61e08c"},"image":{"@id":"https:\/\/stanislasberton.com\/index.php\/2019\/11\/07\/de-lalliance-antimondialiste\/#primaryimage"},"thumbnailUrl":"http:\/\/stanislasberton.com\/wp-content\/uploads\/2022\/07\/Brics-1024x788.jpg","articleSection":["Politique"],"inLanguage":"en-US","potentialAction":[{"@type":"CommentAction","name":"Comment","target":["https:\/\/stanislasberton.com\/index.php\/2019\/11\/07\/de-lalliance-antimondialiste\/#respond"]}]},{"@type":"WebPage","@id":"https:\/\/stanislasberton.com\/index.php\/2019\/11\/07\/de-lalliance-antimondialiste\/","url":"https:\/\/stanislasberton.com\/index.php\/2019\/11\/07\/de-lalliance-antimondialiste\/","name":"De l'alliance antimondialiste - Stanislas BERTON","isPartOf":{"@id":"https:\/\/stanislasberton.com\/#website"},"primaryImageOfPage":{"@id":"https:\/\/stanislasberton.com\/index.php\/2019\/11\/07\/de-lalliance-antimondialiste\/#primaryimage"},"image":{"@id":"https:\/\/stanislasberton.com\/index.php\/2019\/11\/07\/de-lalliance-antimondialiste\/#primaryimage"},"thumbnailUrl":"http:\/\/stanislasberton.com\/wp-content\/uploads\/2022\/07\/Brics-1024x788.jpg","datePublished":"2019-11-07T09:49:00+00:00","dateModified":"2022-09-22T13:37:02+00:00","breadcrumb":{"@id":"https:\/\/stanislasberton.com\/index.php\/2019\/11\/07\/de-lalliance-antimondialiste\/#breadcrumb"},"inLanguage":"en-US","potentialAction":[{"@type":"ReadAction","target":["https:\/\/stanislasberton.com\/index.php\/2019\/11\/07\/de-lalliance-antimondialiste\/"]}]},{"@type":"ImageObject","inLanguage":"en-US","@id":"https:\/\/stanislasberton.com\/index.php\/2019\/11\/07\/de-lalliance-antimondialiste\/#primaryimage","url":"http:\/\/stanislasberton.com\/wp-content\/uploads\/2022\/07\/Brics.jpg","contentUrl":"http:\/\/stanislasberton.com\/wp-content\/uploads\/2022\/07\/Brics.jpg","width":2048,"height":1576},{"@type":"BreadcrumbList","@id":"https:\/\/stanislasberton.com\/index.php\/2019\/11\/07\/de-lalliance-antimondialiste\/#breadcrumb","itemListElement":[{"@type":"ListItem","position":1,"name":"Home","item":"https:\/\/stanislasberton.com\/"},{"@type":"ListItem","position":2,"name":"De l&#8217;alliance antimondialiste"}]},{"@type":"WebSite","@id":"https:\/\/stanislasberton.com\/#website","url":"https:\/\/stanislasberton.com\/","name":"Stanislas BERTON","description":"Quantum potes, tantum aude","publisher":{"@id":"https:\/\/stanislasberton.com\/#\/schema\/person\/35b8ff927e855a1e6c5cc1921d61e08c"},"potentialAction":[{"@type":"SearchAction","target":{"@type":"EntryPoint","urlTemplate":"https:\/\/stanislasberton.com\/?s={search_term_string}"},"query-input":{"@type":"PropertyValueSpecification","valueRequired":true,"valueName":"search_term_string"}}],"inLanguage":"en-US"},{"@type":["Person","Organization"],"@id":"https:\/\/stanislasberton.com\/#\/schema\/person\/35b8ff927e855a1e6c5cc1921d61e08c","name":"sberton","image":{"@type":"ImageObject","inLanguage":"en-US","@id":"https:\/\/secure.gravatar.com\/avatar\/fb8e1e50c000ff4ca889d1d62ef01059d7ab27264b271cefe3e51ae17f8f69af?s=96&r=g","url":"https:\/\/secure.gravatar.com\/avatar\/fb8e1e50c000ff4ca889d1d62ef01059d7ab27264b271cefe3e51ae17f8f69af?s=96&r=g","contentUrl":"https:\/\/secure.gravatar.com\/avatar\/fb8e1e50c000ff4ca889d1d62ef01059d7ab27264b271cefe3e51ae17f8f69af?s=96&r=g","caption":"sberton"},"logo":{"@id":"https:\/\/secure.gravatar.com\/avatar\/fb8e1e50c000ff4ca889d1d62ef01059d7ab27264b271cefe3e51ae17f8f69af?s=96&r=g"}}]}},"_links":{"self":[{"href":"http:\/\/stanislasberton.com\/index.php\/wp-json\/wp\/v2\/posts\/3845","targetHints":{"allow":["GET"]}}],"collection":[{"href":"http:\/\/stanislasberton.com\/index.php\/wp-json\/wp\/v2\/posts"}],"about":[{"href":"http:\/\/stanislasberton.com\/index.php\/wp-json\/wp\/v2\/types\/post"}],"author":[{"embeddable":true,"href":"http:\/\/stanislasberton.com\/index.php\/wp-json\/wp\/v2\/users\/1"}],"replies":[{"embeddable":true,"href":"http:\/\/stanislasberton.com\/index.php\/wp-json\/wp\/v2\/comments?post=3845"}],"version-history":[{"count":0,"href":"http:\/\/stanislasberton.com\/index.php\/wp-json\/wp\/v2\/posts\/3845\/revisions"}],"wp:attachment":[{"href":"http:\/\/stanislasberton.com\/index.php\/wp-json\/wp\/v2\/media?parent=3845"}],"wp:term":[{"taxonomy":"category","embeddable":true,"href":"http:\/\/stanislasberton.com\/index.php\/wp-json\/wp\/v2\/categories?post=3845"},{"taxonomy":"post_tag","embeddable":true,"href":"http:\/\/stanislasberton.com\/index.php\/wp-json\/wp\/v2\/tags?post=3845"}],"curies":[{"name":"wp","href":"https:\/\/api.w.org\/{rel}","templated":true}]}}