{"id":3531,"date":"2019-11-16T15:57:00","date_gmt":"2019-11-16T14:57:00","guid":{"rendered":"http:\/\/stanislasberton.com\/?p=3531"},"modified":"2024-03-29T12:16:53","modified_gmt":"2024-03-29T11:16:53","slug":"de-la-civilisation-francaise","status":"publish","type":"post","link":"http:\/\/stanislasberton.com\/index.php\/2019\/11\/16\/de-la-civilisation-francaise\/","title":{"rendered":"De la civilisation fran\u00e7aise"},"content":{"rendered":"\n<figure class=\"wp-block-image size-large is-resized\"><img loading=\"lazy\" decoding=\"async\" src=\"http:\/\/stanislasberton.com\/wp-content\/uploads\/2022\/06\/Saint_michel-1024x747.jpeg\" alt=\"\" class=\"wp-image-3532\" width=\"686\" height=\"500\" srcset=\"http:\/\/stanislasberton.com\/wp-content\/uploads\/2022\/06\/Saint_michel-1024x747.jpeg 1024w, http:\/\/stanislasberton.com\/wp-content\/uploads\/2022\/06\/Saint_michel-300x219.jpeg 300w, http:\/\/stanislasberton.com\/wp-content\/uploads\/2022\/06\/Saint_michel-768x560.jpeg 768w, http:\/\/stanislasberton.com\/wp-content\/uploads\/2022\/06\/Saint_michel-1536x1120.jpeg 1536w, http:\/\/stanislasberton.com\/wp-content\/uploads\/2022\/06\/Saint_michel-2048x1493.jpeg 2048w, http:\/\/stanislasberton.com\/wp-content\/uploads\/2022\/06\/Saint_michel-620x452.jpeg 620w\" sizes=\"auto, (max-width: 686px) 100vw, 686px\" \/><\/figure>\n\n\n\n<p>\u00ab&nbsp;La France, le plus beau royaume apr\u00e8s celui du ciel&nbsp;\u00bb<\/p>\n\n\n\n<p>Grotius<\/p>\n\n\n\n<p>D\u00e9velopp\u00e9 en partie par Alexandre Douguine dans son livre \u00ab&nbsp;Th\u00e9orie d\u2019un monde multipolaire&nbsp;\u00bb et repris depuis aussi bien par des diplomates chinois que par le pr\u00e9sident Vladimir Poutine lui-m\u00eame, le concept \u00ab&nbsp;d&#8217;\u00c9tat-civilisation \u00bb s\u2019est peu \u00e0 peu impos\u00e9 dans les d\u00e9bats concernant la g\u00e9opolitique et les relations internationales.<\/p>\n\n\n\n<p>Construit en opposition au mod\u00e8le europ\u00e9en d\u2019\u00c9tat-nation ainsi qu\u2019\u00e0 celui de gouvernement mondial unifi\u00e9, ce concept s\u2019appliquerait \u00e0 des \u00c9tats d\u00e9passant le cadre national pour repr\u00e9senter une aire civilisationnelle dans son ensemble. Comme l\u2019\u00e9crit <a href=\"http:\/\/newsnet.fr\/read\/de-l-etat-civilisation\">Douguine<\/a> : \u00ab&nbsp;L&#8217;\u00c9tat-civilisation peut interagir avec le monde ext\u00e9rieur, mais il n&#8217;en devient jamais d\u00e9pendant et conserve toujours son autosuffisance, son autonomie et son autarcie. L&#8217;\u00c9tat-civilisation est toujours plus qu&#8217;un simple \u00c9tat, tant sur le plan spatial que temporel (historique) \u00bb.<\/p>\n\n\n\n<p>D\u2019apr\u00e8s Douguine, la Chine constituerait l\u2019exemple le plus embl\u00e9matique d\u2019\u00c9tat-civilisation et la Russie serait en train d\u2019\u00e9voluer vers un tel statut car \u00ab&nbsp;la Russie est plus qu&#8217;un \u00c9tat-nation (ce qu&#8217;est la F\u00e9d\u00e9ration de Russie). La Russie est un monde \u00e0 part&nbsp;\u00bb. Quant \u00e0 l\u2019Occident, il serait, toujours selon Douguine, un \u00c9tat-civilisation, divis\u00e9 en deux parties&nbsp;: l\u2019Am\u00e9rique du Nord et l\u2019Europe.<\/p>\n\n\n\n<p>Si le concept d\u2019\u00c9tat-civilisation appara\u00eet comme pertinent, il s\u2019agit en revanche d\u2019une grave erreur de parler de l\u2019Europe comme d&#8217;une entit\u00e9 civilisationnelle en ignorant <strong>qu\u2019il existe d\u00e9j\u00e0 un \u00c9tat-civilisation au sein du continent europ\u00e9en et que celui-ci s\u2019appelle la France. &nbsp;<\/strong><\/p>\n\n\n\n<p>En effet, comme nous allons le d\u00e9montrer, la France poss\u00e8de toutes les caract\u00e9ristiques lui permettant de pr\u00e9tendre au statut d\u2019\u00c9tat-civilisation et de constituer une entit\u00e9 politique, sociale, \u00e9conomique et culturelle parfaitement autonome.<\/p>\n\n\n\n<p>Tout d\u2019abord, il existe un v\u00e9ritable \u00ab&nbsp;monde fran\u00e7ais&nbsp;\u00bb. Celui-ci se compose de la m\u00e9tropole, l\u2019hexagone, ouvert sur la mer m\u00e9diterran\u00e9e et l\u2019oc\u00e9an atlantique, territoire contenant \u00e0 lui seul une incroyable diversit\u00e9 d\u2019ensembles topographiques, de paysages naturels et de terroirs, des plateaux fertiles de la Beauce ou de la Brie aux voies de passage naturelles comme la vall\u00e9e du Rh\u00f4ne en passant par les littoraux de la C\u00f4te d\u2019Azur ou de la Bretagne. \u00c0 cette richesse de la m\u00e9tropole vient s\u2019ajouter celle des territoires ultra-marins qui permettent \u00e0 la France d\u2019\u00eatre pr\u00e9sente sur les cinq continents, sous tous les h\u00e9misph\u00e8res et de poss\u00e9der le deuxi\u00e8me domaine maritime au monde apr\u00e8s les \u00c9tats-Unis soit une surface de plus de 10 millions de kilom\u00e8tres carr\u00e9s. \u00c0 cette r\u00e9alit\u00e9 territoriale et g\u00e9ographique vient s\u2019ajouter une zone d\u2019influence historique et culturelle caract\u00e9ris\u00e9e, entre autres, par l\u2019usage du fran\u00e7ais recouvrant le Qu\u00e9bec (Am\u00e9rique du Nord), la Wallonie (Belgique) et la Suisse romande. \u00c0 cette zone d\u2019influence directe vient s\u2019ajouter, de fa\u00e7on beaucoup plus l\u00e2che, la Francophonie dans son ensemble ainsi que les anciennes possessions imp\u00e9riales (la rive gauche du Rhin ainsi qu\u2019une partie de l\u2019Italie du Nord) et coloniales (Syrie, Liban, Maghreb, Afrique de l\u2019Ouest, Indochine).<\/p>\n\n\n\n<p>Sur le plan de l\u2019\u00e9conomie et des ressources, bien que d\u00e9pourvue de p\u00e9trole et de gaz, la France a pu longtemps compter sur l\u2019existence de gisements de charbon dans le Nord et dans l\u2019Est. Si ceux-ci sont aujourd\u2019hui \u00e9puis\u00e9s ou inexploitables, la France poss\u00e8de n\u00e9anmoins une abondance de ressources naturelles telles que son important domaine forestier, quatri\u00e8me en Europe, la fertilit\u00e9 de ses sols, le colossal domaine maritime que nous venons d\u2019\u00e9voquer, sa richesse hydrographique (fleuves, sources, cours d\u2019eau), atout crucial dans un monde o\u00f9 l\u2019eau va devenir une ressource de plus en plus rare. La pr\u00e9sence de zones montagneuses et d\u2019importants d\u00e9nivel\u00e9s permet de surcro\u00eet une importante production hydro\u00e9lectrique mais ouvre \u00e9galement la possibilit\u00e9, aujourd\u2019hui sous-exploit\u00e9e, de recours \u00e0 des stations de transfert d\u2019\u00e9nergie par pompage (<a href=\"https:\/\/www.revolution-energetique.com\/la-step-a-leau-de-mer-avenir-du-stockage-de-lelectricite-renouvelable\/\">STEP<\/a>). <strong>Mais la ressource la plus pr\u00e9cieuse de la France est sans aucun doute le g\u00e9nie cr\u00e9atif, artisanal et industriel du peuple fran\u00e7ais.<\/strong> Celui-ci permit \u00e0 notre pays d\u2019\u00eatre pionnier dans de nombreux domaines (automobile, aviation, textile, agriculture, cin\u00e9ma) et de poss\u00e9der encore aujourd\u2019hui des savoir-faire uniques au monde aussi bien dans le domaine de l\u2019artisanat d\u2019art que celui de la technologie de pointe. Sous r\u00e9serve de pouvoir acc\u00e9der \u00e0 certaines mati\u00e8res premi\u00e8res et de mettre en place des mesures adapt\u00e9es de soutien \u00e0 l\u2019activit\u00e9 productive, <strong>la France peut redevenir une grande puissance industrielle capable de tout produire par elle-m\u00eame et pour elle-m\u00eame <\/strong>tout en maintenant des relations commerciales avec le reste du monde lorsque les termes de l\u2019\u00e9change lui sont favorables.<\/p>\n\n\n\n<p>Si la France peut donc bien \u00eatre consid\u00e9r\u00e9e comme un \u00c9tat-civilisation par ses caract\u00e9ristiques mat\u00e9rielles, elle l\u2019est encore davantage par ses qualit\u00e9s immat\u00e9rielles.<\/p>\n\n\n\n<p>Comme nous l\u2019avons expliqu\u00e9 dans notre livre, \u00ab&nbsp;<a href=\"http:\/\/stanislasberton.com\/index.php\/2019\/11\/21\/etre-francais-lettre-a-ma-soeur\/\">\u00catre Fran\u00e7ais&nbsp;: lettre \u00e0 ma s\u0153ur<\/a>&nbsp;\u00bb, <strong>il existe en effet un g\u00e9nie fran\u00e7ais qui s\u2019est exprim\u00e9 de fa\u00e7on continue dans l\u2019Histoire aussi bien \u00e0 travers la vie quotidienne du peuple que les productions \u00e9conomiques, politiques et culturelles des \u00e9lites. <\/strong>Sur ce point, force est de constater que la France a su donner au monde un nombre impressionnant de g\u00e9nies, de la science aux arts en passant par l\u2019architecture, l\u2019industrie et l\u2019artisanat, sans oublier ces \u00ab&nbsp;g\u00e9nies de Dieu&nbsp;\u00bb que sont les saints et les bienheureux. Tous ces talents ont contribu\u00e9 \u00e0 travers les si\u00e8cles \u00e0 forger une culture et un authentique style fran\u00e7ais admir\u00e9, envi\u00e9 et souvent imit\u00e9 par l\u2019ensemble des peuples du monde.<\/p>\n\n\n\n<p>Au-del\u00e0 de ces grandes figures embl\u00e9matiques, il existe chez le peuple une forme de g\u00e9nie simple et populaire, un \u00ab&nbsp;\u00eatre au monde&nbsp;\u00bb sp\u00e9cifiquement fran\u00e7ais constitu\u00e9, comme l\u2019a d\u00e9montr\u00e9 <a href=\"https:\/\/geerthofstede.com\/culture-geert-hofstede-gert-jan-hofstede\/6d-model-of-national-culture\/\">Geert Hofstede,<\/a>   de l\u2019alliance unique de caract\u00e9ristiques habituellement oppos\u00e9es&nbsp;: l\u2019individualisme et le sens du collectif, la familiarit\u00e9 et le sens de la hi\u00e9rarchie, la finesse et la robustesse, la l\u00e9g\u00e8ret\u00e9 et la profondeur. C\u2019est \u00e0 cet esprit fran\u00e7ais, \u00e0 son rapport particulier au temps, aux hommes et \u00e0 l\u2019espace que l\u2019on doit l\u2019art de vivre, le sens de l\u2019honneur et l\u2019amour des terroirs. C\u2019est \u00e0 ce m\u00eame esprit fran\u00e7ais que l\u2019on doit le repas gastronomique, la r\u00e9volte des gilets jaunes et le rejet de la mondialisation lib\u00e9rale. C\u2019est enfin \u00e0 cet esprit fran\u00e7ais que l\u2019on doit cette douceur de vivre, cette bont\u00e9 parfois un peu na\u00efve et cet amour souvent excessif de tout ce qui est lointain ou \u00e9tranger aux d\u00e9pens de ce qui est proche et national.<\/p>\n\n\n\n<p>Mais surtout, si la France peut pr\u00e9tendre au titre d\u2019\u00c9tat<strong> -civilisation, c\u2019est parce qu\u2019elle est avant tout une puissance catholique dont l\u2019acte fondateur reste le bapt\u00eame du roi des Francs, Clovis, par l\u2019\u00e9v\u00eaque Saint R\u00e9my \u00e0 Reims, le jour de No\u00ebl 496.<\/strong> Par cette passation de pouvoir de la royaut\u00e9 davidique \u00e0 la royaut\u00e9 fran\u00e7aise, le peuple fran\u00e7ais se voyait confier une mission divine, le roi de France devenant le &nbsp;\u00ab&nbsp;lieutenant de Dieu sur Terre&nbsp;\u00bb et <a href=\"https:\/\/viveleroy.net\/les-serments-du-sacre-des-rois-de-france-par-jean-de-viguerie\/\">jurant <\/a>\u00ab&nbsp;premi\u00e8rement, de faire conserver en tout temps \u00e0 l\u2019\u00c9glise de Dieu, la paix par le peuple chr\u00e9tien&nbsp;\u00bb. Cette alliance entre la France et le catholicisme sera r\u00e9actualis\u00e9e le 21 juin 1429 lors de <a href=\"https:\/\/www.infocatho.fr\/la-triple-donation-du-royaume-de-france-un-pacte-conclu-entre-dieu-et-la-france\/\">la triple donation <\/a>de Sainte Jeanne d\u2019Arc qui viendra r\u00e9affirmer la royaut\u00e9 du Christ sur la France et l\u2019exercice, par le roi, du pouvoir en son nom. <\/p>\n\n\n\n<p>En tant que \u00ab&nbsp;fille a\u00een\u00e9e de l\u2019\u00c9glise&nbsp;\u00bb, la France a pour mission de d\u00e9fendre la foi catholique dans le monde, distincte sur ce point d\u2019une Russie orthodoxe ou d\u2019une Am\u00e9rique protestante<strong>.&nbsp; En tant que protectrice de la foi catholique et soutien de la Sainte \u00c9glise, la France doit agir dans le monde selon sa vocation<\/strong> et intervenir, lorsque la situation l\u2019exige, partout o\u00f9 la foi catholique se trouve menac\u00e9e et les chr\u00e9tiens en danger.<\/p>\n\n\n\n<p>Si la r\u00e9alit\u00e9 de la France comme \u00c9tat-civilisation semble aujourd&#8217;hui plus difficile \u00e0 admettre ou \u00e0 saisir, c\u2019est parce que depuis plus de deux si\u00e8cles, notre pays s\u2019est d\u00e9tourn\u00e9e de sa vocation \u00e0 travers le rationalisme des Lumi\u00e8res et son expression politique que fut la R\u00e9volution fran\u00e7aise. <strong>En d\u00e9capitant Louis XVI, le peuple fran\u00e7ais a rompu le lien qui l\u2019unissait avec Dieu et en chassant le catholicisme de la sph\u00e8re publique, il a reni\u00e9 le sens m\u00eame de son existence et de sa mission.<\/strong> Comme nous l\u2019avons expliqu\u00e9 dans notre essai consacr\u00e9 au <a href=\"http:\/\/stanislasberton.com\/index.php\/2019\/11\/07\/des-mondialistes\/\">mondialisme<\/a> et dans notre livre \u00ab&nbsp;<a href=\"http:\/\/stanislasberton.com\/index.php\/2021\/02\/05\/la-france-retrouvee\/\">La France Retrouv\u00e9e&nbsp;<\/a>\u00bb, ces \u00e9v\u00e9nements catastrophiques ont \u00e9t\u00e9 le fait d\u2019une minorit\u00e9 d\u2019id\u00e9ologues fanatiques qui ont tromp\u00e9 le peuple fran\u00e7ais et l\u2019ont conduit \u00e0 la ruine mat\u00e9rielle, spirituelle et morale.<\/p>\n\n\n\n<p>L\u2019empoisonnement des consciences fran\u00e7aises a \u00e9t\u00e9 si profond que <strong>la plupart des Fran\u00e7ais, y compris nombre de &nbsp;patriotes, persistent \u00e0 croire qu\u2019il serait possible de redresser la France sans la r\u00e9tablir en tant que puissance catholique et sans retour massif du peuple, comme des \u00e9lites, \u00e0 la religion de leurs p\u00e8res. <\/strong>Faute de comprendre la mission divine de la France et le lien intime qui unit la puissance fran\u00e7aise au catholicisme ainsi qu\u2019\u00e0 l\u2019\u00c9glise, un grand nombre de Fran\u00e7ais, pourtant attach\u00e9s \u00e0 la survie et \u00e0 la d\u00e9fense de leur pays, continuent de professer l\u2019ath\u00e9isme, d\u00e9fendent les dogmes et les superstitions de la Modernit\u00e9 contre les v\u00e9rit\u00e9s de la Tradition et poursuivent, en promouvant <a href=\"http:\/\/stanislasberton.com\/index.php\/2019\/10\/30\/du-paganisme\/\">le paganisme<\/a> ou en r\u00e9duisant la France \u00e0 une composante de la civilisation europ\u00e9enne, l\u2019\u0153uvre de destruction de notre pays.<\/p>\n\n\n\n<p>Un tel aveuglement r\u00e9v\u00e8le de fa\u00e7on \u00e9clatante le principe satanique \u00e0 l\u2019\u0153uvre depuis plus de deux si\u00e8cles. Dans l\u2019esprit du peuple comme dans celui de l\u2019\u00e9lite, la confusion r\u00e8gne. Des v\u00e9rit\u00e9s pourtant simples et \u00e9videntes ne sont plus comprises. Le renoncement et la l\u00e2chet\u00e9 sont pr\u00e9f\u00e9r\u00e9s \u00e0 l\u2019\u00e9preuve et au combat. Au lieu d\u2019\u00eatre encourag\u00e9s et soutenus, ceux qui croient encore en la France et rappellent sa mission divine sont ignor\u00e9s ou marginalis\u00e9s. Le peuple b\u00e9ni de Dieu, celui qui avait re\u00e7u tant de dons, de richesses et de talents, celui qui devait rayonner le plus pour rendre t\u00e9moignage de Sa puissance et de Sa gloire, doute de lui-m\u00eame, de sa mission et de son g\u00e9nie. Ce peuple donn\u00e9 au monde pour \u00eatre une force d\u2019\u00e9quilibre, pour temp\u00e9rer les exc\u00e8s des autres grandes puissances et incarner une alternative catholique fond\u00e9e sur la foi, l\u2019honneur et le bien commun \u00e0 un monde anglo-saxon protestant, domin\u00e9 par l\u2019argent, l\u2019individualisme et le contrat, n\u2019ose plus assumer sa singularit\u00e9 et multiplie les marques de soumission \u00e0 l\u2019\u00e9gard de puissances rivales.<\/p>\n\n\n\n<p>Au lieu de tracer sa propre voie, le peuple fran\u00e7ais court derri\u00e8re les autres, se compare, cherche \u00e0 leur ressembler et \u00e0 gagner leur approbation&nbsp;; ce peuple qui devrait \u00eatre un mod\u00e8le pour les autres peuples, ce peuple qui \u00ab&nbsp;ne peut \u00eatre lui-m\u00eame qu\u2019au premier rang&nbsp;\u00bb est devenu une petite chose rabougrie qui ne se croit plus capable de se tenir debout toute seule sans la b\u00e9quille de l\u2019Europe&nbsp;et qui ne comprend plus que lorsqu\u2019elle est elle-m\u00eame, la France <em>est<\/em> l\u2019Europe.<\/p>\n\n\n\n<p><strong>En rompant avec le catholicisme et les r\u00e9alit\u00e9s surnaturelles, les dogmes et les superstitions des Lumi\u00e8res ont fait perdre \u00e0 la France son statut d\u2019\u00c9tat-civilisation pour en faire une simple nation, une insignifiante \u00ab puissance moyenne&nbsp;\u00bb.<\/strong> Alors qu\u2019elle se trouve aujourd\u2019hui au bord de l\u2019ab\u00eeme, La France se trouve aujourd\u2019hui confront\u00e9e \u00e0 un choix&nbsp;: poursuivre dans l\u2019erreur de la modernit\u00e9 et se fondre dans une \u00ab&nbsp;grande Europe&nbsp;\u00bb domin\u00e9e par une Russie orthodoxe, qui, malgr\u00e9 le communisme, aura su rester fid\u00e8le aux v\u00e9rit\u00e9s de la Tradition ; ou bien, guid\u00e9e par une \u00e9lite catholique et patriote, rompre avec la modernit\u00e9 qu\u2019elle a contribu\u00e9 \u00e0 diffuser dans le monde, retourner \u00e0 la foi catholique de ses anc\u00eatres et, apr\u00e8s un long travail de r\u00e9novation mat\u00e9rielle et spirituelle, redevenir l\u2019\u00c9tat-civilisation qu\u2019elle n\u2019aurait jamais d\u00fb cesser d\u2019\u00eatre, puissance europ\u00e9enne d\u2019un monde multipolaire, \u00e0 l\u2019\u00e9gal de la Russie ou de la Chine.&nbsp;<\/p>\n\n\n\n<p>Dans une<a href=\"https:\/\/www.bbc.com\/news\/world-europe-60551140\"> interview <\/a>donn\u00e9e en 2018, Vladimir Poutine affirmait : \u00e0 quoi bon vivre dans un monde dans lequel la Russie n&#8217;existe plus ? Aux Fran\u00e7ais d\u2019ajouter : \u00e0 quoi bon vivre dans un monde o\u00f9 la France n\u2019est plus la France&nbsp;?<\/p>\n\n\n\n<p><\/p>\n\n\n\n<p>Pour aller plus loin: <\/p>\n\n\n\n<p><a href=\"http:\/\/stanislasberton.com\/index.php\/2019\/11\/21\/etre-francais-lettre-a-ma-soeur\/\">\u00catre Fran\u00e7ais: lettre \u00e0 ma s\u0153ur<\/a><\/p>\n\n\n\n<p><a href=\"http:\/\/stanislasberton.com\/index.php\/2021\/02\/05\/la-france-retrouvee\/\">La France Retrouv\u00e9e <\/a><\/p>\n\n\n\n<p><a href=\"https:\/\/viveleroy.net\/les-serments-du-sacre-des-rois-de-france-par-jean-de-viguerie\/\">Serment des rois de France <\/a><\/p>\n\n\n\n<p><em>Pour qu&#8217;Il r\u00e8gne<\/em>, Jean Ousset <\/p>\n\n\n\n<p>Instructions de Bismarck au comte von Arnim, ambassadeur \u00e0 Paris dat\u00e9es du 16 novembre 1871 et cit\u00e9es par Gaudin de Vilaine au S\u00e9nat, le 6 avril 1911 (Journal Officiel du 7 avril 1911) <\/p>\n\n\n\n<p>&#8220;<em>Nous devons enfin d\u00e9sirer le maintien de la R\u00e9publique en France pour une raison qui est majeure : la France monarchique \u00e9tait et sera toujours catholique ; sa politique lui donnait une grande influence en Europe, en Orient et jusqu&#8217;en Extr\u00eame-Orient. Un moyen de contrecarrer son influence au profit de la n\u00f4tre, c&#8217;est <strong>d&#8217;abaisser le catholicisme et la papaut\u00e9 qui en est la t\u00eate.<\/strong> <strong>Si nous pouvons atteindre ce but, la France est \u00e0 jamais annihil\u00e9e.<\/strong> La monarchie nous entraverait dans ces tentatives. la R\u00e9publique nous aidera&#8230; J&#8217;entreprends contre l\u2019\u00c9glise catholique une guerre qui sera longue, et peut-\u00eatre terrible! On m&#8217;accusera de pers\u00e9cution et j&#8217;y serai peut-\u00eatre conduit, mais il le faut pour achever d&#8217;abaisser la France et \u00e9tablir notre supr\u00e9matie religieuse et diplomatique, comme notre supr\u00e9matie militaire. Eh bien, je le r\u00e9p\u00e8te : ici encore les r\u00e9publicains m&#8217;aideront ; ils joueront notre jeu ; ce que j\u2019attaque par politique, ils l&#8217;attaquent par formalisme anti-religieux. Leur concours est assur\u00e9. Entretenez dans les feuilles radicales fran\u00e7aise \u00e0 notre d\u00e9votion la peur de l&#8217;\u00e9pouvantail cl\u00e9rical, en faisant propager les calomnies ou les pr\u00e9jug\u00e9s qui font na\u00eetre cette peur&#8230; Faites aussi parler dans ces feuilles des dangers de la r\u00e9action, des crimes de l&#8217;absolutisme, des empi\u00e8tements du clerg\u00e9. Ces balivernes ne manquent jamais leur effet sur la masse ignorante. Oui, mettez tous vos soins \u00e0 entretenir cet \u00e9change de services mutuels entre les r\u00e9publicains et la Prusse ! C&#8217;est la France qui paiera les frais!<\/em>&#8221; <\/p>\n","protected":false},"excerpt":{"rendered":"<p>\u00ab&nbsp;La France, le plus beau royaume apr\u00e8s celui du ciel&nbsp;\u00bb Grotius D\u00e9velopp\u00e9 en partie par Alexandre Douguine dans son livre \u00ab&nbsp;Th\u00e9orie d\u2019un monde multipolaire&nbsp;\u00bb et repris depuis aussi bien par des diplomates chinois que par le pr\u00e9sident Vladimir Poutine lui-m\u00eame, le concept \u00ab&nbsp;d&#8217;\u00c9tat-civilisation \u00bb s\u2019est peu \u00e0 peu impos\u00e9 dans les d\u00e9bats concernant la g\u00e9opolitique [&hellip;]<\/p>\n","protected":false},"author":1,"featured_media":0,"comment_status":"open","ping_status":"closed","sticky":false,"template":"","format":"standard","meta":{"footnotes":""},"categories":[2],"tags":[54,52,55,53],"class_list":["post-3531","post","type-post","status-publish","format-standard","hentry","category-politique","tag-christianisme","tag-civilisation-francaise","tag-dougine","tag-sauver-la-france"],"yoast_head":"<!-- This site is optimized with the Yoast SEO plugin v27.4 - https:\/\/yoast.com\/product\/yoast-seo-wordpress\/ -->\n<title>De la civilisation fran\u00e7aise - Stanislas BERTON<\/title>\n<meta name=\"robots\" content=\"index, follow, max-snippet:-1, max-image-preview:large, max-video-preview:-1\" \/>\n<link rel=\"canonical\" href=\"http:\/\/stanislasberton.com\/index.php\/2019\/11\/16\/de-la-civilisation-francaise\/\" \/>\n<meta property=\"og:locale\" content=\"en_US\" \/>\n<meta property=\"og:type\" content=\"article\" \/>\n<meta property=\"og:title\" content=\"De la civilisation fran\u00e7aise - Stanislas BERTON\" \/>\n<meta property=\"og:description\" content=\"\u00ab&nbsp;La France, le plus beau royaume apr\u00e8s celui du ciel&nbsp;\u00bb Grotius D\u00e9velopp\u00e9 en partie par Alexandre Douguine dans son livre \u00ab&nbsp;Th\u00e9orie d\u2019un monde multipolaire&nbsp;\u00bb et repris depuis aussi bien par des diplomates chinois que par le pr\u00e9sident Vladimir Poutine lui-m\u00eame, le concept \u00ab&nbsp;d&#8217;\u00c9tat-civilisation \u00bb s\u2019est peu \u00e0 peu impos\u00e9 dans les d\u00e9bats concernant la g\u00e9opolitique [&hellip;]\" \/>\n<meta property=\"og:url\" content=\"http:\/\/stanislasberton.com\/index.php\/2019\/11\/16\/de-la-civilisation-francaise\/\" \/>\n<meta property=\"og:site_name\" content=\"Stanislas BERTON\" \/>\n<meta property=\"article:published_time\" content=\"2019-11-16T14:57:00+00:00\" \/>\n<meta property=\"article:modified_time\" content=\"2024-03-29T11:16:53+00:00\" \/>\n<meta property=\"og:image\" content=\"http:\/\/stanislasberton.com\/wp-content\/uploads\/2022\/06\/Saint_michel-1024x747.jpeg\" \/>\n<meta name=\"author\" content=\"sberton\" \/>\n<meta name=\"twitter:card\" content=\"summary_large_image\" \/>\n<meta name=\"twitter:label1\" content=\"Written by\" \/>\n\t<meta name=\"twitter:data1\" content=\"sberton\" \/>\n\t<meta name=\"twitter:label2\" content=\"Est. reading time\" \/>\n\t<meta name=\"twitter:data2\" content=\"10 minutes\" \/>\n<script type=\"application\/ld+json\" class=\"yoast-schema-graph\">{\"@context\":\"https:\\\/\\\/schema.org\",\"@graph\":[{\"@type\":\"Article\",\"@id\":\"http:\\\/\\\/stanislasberton.com\\\/index.php\\\/2019\\\/11\\\/16\\\/de-la-civilisation-francaise\\\/#article\",\"isPartOf\":{\"@id\":\"http:\\\/\\\/stanislasberton.com\\\/index.php\\\/2019\\\/11\\\/16\\\/de-la-civilisation-francaise\\\/\"},\"author\":{\"name\":\"sberton\",\"@id\":\"https:\\\/\\\/stanislasberton.com\\\/#\\\/schema\\\/person\\\/35b8ff927e855a1e6c5cc1921d61e08c\"},\"headline\":\"De la civilisation fran\u00e7aise\",\"datePublished\":\"2019-11-16T14:57:00+00:00\",\"dateModified\":\"2024-03-29T11:16:53+00:00\",\"mainEntityOfPage\":{\"@id\":\"http:\\\/\\\/stanislasberton.com\\\/index.php\\\/2019\\\/11\\\/16\\\/de-la-civilisation-francaise\\\/\"},\"wordCount\":2586,\"commentCount\":0,\"publisher\":{\"@id\":\"https:\\\/\\\/stanislasberton.com\\\/#\\\/schema\\\/person\\\/35b8ff927e855a1e6c5cc1921d61e08c\"},\"image\":{\"@id\":\"http:\\\/\\\/stanislasberton.com\\\/index.php\\\/2019\\\/11\\\/16\\\/de-la-civilisation-francaise\\\/#primaryimage\"},\"thumbnailUrl\":\"http:\\\/\\\/stanislasberton.com\\\/wp-content\\\/uploads\\\/2022\\\/06\\\/Saint_michel-1024x747.jpeg\",\"keywords\":[\"christianisme\",\"civilisation fran\u00e7aise\",\"Dougine\",\"sauver la France\"],\"articleSection\":[\"Politique\"],\"inLanguage\":\"en-US\",\"potentialAction\":[{\"@type\":\"CommentAction\",\"name\":\"Comment\",\"target\":[\"http:\\\/\\\/stanislasberton.com\\\/index.php\\\/2019\\\/11\\\/16\\\/de-la-civilisation-francaise\\\/#respond\"]}]},{\"@type\":\"WebPage\",\"@id\":\"http:\\\/\\\/stanislasberton.com\\\/index.php\\\/2019\\\/11\\\/16\\\/de-la-civilisation-francaise\\\/\",\"url\":\"http:\\\/\\\/stanislasberton.com\\\/index.php\\\/2019\\\/11\\\/16\\\/de-la-civilisation-francaise\\\/\",\"name\":\"De la civilisation fran\u00e7aise - Stanislas BERTON\",\"isPartOf\":{\"@id\":\"https:\\\/\\\/stanislasberton.com\\\/#website\"},\"primaryImageOfPage\":{\"@id\":\"http:\\\/\\\/stanislasberton.com\\\/index.php\\\/2019\\\/11\\\/16\\\/de-la-civilisation-francaise\\\/#primaryimage\"},\"image\":{\"@id\":\"http:\\\/\\\/stanislasberton.com\\\/index.php\\\/2019\\\/11\\\/16\\\/de-la-civilisation-francaise\\\/#primaryimage\"},\"thumbnailUrl\":\"http:\\\/\\\/stanislasberton.com\\\/wp-content\\\/uploads\\\/2022\\\/06\\\/Saint_michel-1024x747.jpeg\",\"datePublished\":\"2019-11-16T14:57:00+00:00\",\"dateModified\":\"2024-03-29T11:16:53+00:00\",\"breadcrumb\":{\"@id\":\"http:\\\/\\\/stanislasberton.com\\\/index.php\\\/2019\\\/11\\\/16\\\/de-la-civilisation-francaise\\\/#breadcrumb\"},\"inLanguage\":\"en-US\",\"potentialAction\":[{\"@type\":\"ReadAction\",\"target\":[\"http:\\\/\\\/stanislasberton.com\\\/index.php\\\/2019\\\/11\\\/16\\\/de-la-civilisation-francaise\\\/\"]}]},{\"@type\":\"ImageObject\",\"inLanguage\":\"en-US\",\"@id\":\"http:\\\/\\\/stanislasberton.com\\\/index.php\\\/2019\\\/11\\\/16\\\/de-la-civilisation-francaise\\\/#primaryimage\",\"url\":\"http:\\\/\\\/stanislasberton.com\\\/wp-content\\\/uploads\\\/2022\\\/06\\\/Saint_michel-1024x747.jpeg\",\"contentUrl\":\"http:\\\/\\\/stanislasberton.com\\\/wp-content\\\/uploads\\\/2022\\\/06\\\/Saint_michel-1024x747.jpeg\"},{\"@type\":\"BreadcrumbList\",\"@id\":\"http:\\\/\\\/stanislasberton.com\\\/index.php\\\/2019\\\/11\\\/16\\\/de-la-civilisation-francaise\\\/#breadcrumb\",\"itemListElement\":[{\"@type\":\"ListItem\",\"position\":1,\"name\":\"Home\",\"item\":\"https:\\\/\\\/stanislasberton.com\\\/\"},{\"@type\":\"ListItem\",\"position\":2,\"name\":\"De la civilisation fran\u00e7aise\"}]},{\"@type\":\"WebSite\",\"@id\":\"https:\\\/\\\/stanislasberton.com\\\/#website\",\"url\":\"https:\\\/\\\/stanislasberton.com\\\/\",\"name\":\"Stanislas BERTON\",\"description\":\"Quantum potes, tantum aude\",\"publisher\":{\"@id\":\"https:\\\/\\\/stanislasberton.com\\\/#\\\/schema\\\/person\\\/35b8ff927e855a1e6c5cc1921d61e08c\"},\"potentialAction\":[{\"@type\":\"SearchAction\",\"target\":{\"@type\":\"EntryPoint\",\"urlTemplate\":\"https:\\\/\\\/stanislasberton.com\\\/?s={search_term_string}\"},\"query-input\":{\"@type\":\"PropertyValueSpecification\",\"valueRequired\":true,\"valueName\":\"search_term_string\"}}],\"inLanguage\":\"en-US\"},{\"@type\":[\"Person\",\"Organization\"],\"@id\":\"https:\\\/\\\/stanislasberton.com\\\/#\\\/schema\\\/person\\\/35b8ff927e855a1e6c5cc1921d61e08c\",\"name\":\"sberton\",\"image\":{\"@type\":\"ImageObject\",\"inLanguage\":\"en-US\",\"@id\":\"https:\\\/\\\/secure.gravatar.com\\\/avatar\\\/fb8e1e50c000ff4ca889d1d62ef01059d7ab27264b271cefe3e51ae17f8f69af?s=96&r=g\",\"url\":\"https:\\\/\\\/secure.gravatar.com\\\/avatar\\\/fb8e1e50c000ff4ca889d1d62ef01059d7ab27264b271cefe3e51ae17f8f69af?s=96&r=g\",\"contentUrl\":\"https:\\\/\\\/secure.gravatar.com\\\/avatar\\\/fb8e1e50c000ff4ca889d1d62ef01059d7ab27264b271cefe3e51ae17f8f69af?s=96&r=g\",\"caption\":\"sberton\"},\"logo\":{\"@id\":\"https:\\\/\\\/secure.gravatar.com\\\/avatar\\\/fb8e1e50c000ff4ca889d1d62ef01059d7ab27264b271cefe3e51ae17f8f69af?s=96&r=g\"}}]}<\/script>\n<!-- \/ Yoast SEO plugin. -->","yoast_head_json":{"title":"De la civilisation fran\u00e7aise - Stanislas BERTON","robots":{"index":"index","follow":"follow","max-snippet":"max-snippet:-1","max-image-preview":"max-image-preview:large","max-video-preview":"max-video-preview:-1"},"canonical":"http:\/\/stanislasberton.com\/index.php\/2019\/11\/16\/de-la-civilisation-francaise\/","og_locale":"en_US","og_type":"article","og_title":"De la civilisation fran\u00e7aise - Stanislas BERTON","og_description":"\u00ab&nbsp;La France, le plus beau royaume apr\u00e8s celui du ciel&nbsp;\u00bb Grotius D\u00e9velopp\u00e9 en partie par Alexandre Douguine dans son livre \u00ab&nbsp;Th\u00e9orie d\u2019un monde multipolaire&nbsp;\u00bb et repris depuis aussi bien par des diplomates chinois que par le pr\u00e9sident Vladimir Poutine lui-m\u00eame, le concept \u00ab&nbsp;d&#8217;\u00c9tat-civilisation \u00bb s\u2019est peu \u00e0 peu impos\u00e9 dans les d\u00e9bats concernant la g\u00e9opolitique [&hellip;]","og_url":"http:\/\/stanislasberton.com\/index.php\/2019\/11\/16\/de-la-civilisation-francaise\/","og_site_name":"Stanislas BERTON","article_published_time":"2019-11-16T14:57:00+00:00","article_modified_time":"2024-03-29T11:16:53+00:00","og_image":[{"url":"http:\/\/stanislasberton.com\/wp-content\/uploads\/2022\/06\/Saint_michel-1024x747.jpeg","type":"","width":"","height":""}],"author":"sberton","twitter_card":"summary_large_image","twitter_misc":{"Written by":"sberton","Est. reading time":"10 minutes"},"schema":{"@context":"https:\/\/schema.org","@graph":[{"@type":"Article","@id":"http:\/\/stanislasberton.com\/index.php\/2019\/11\/16\/de-la-civilisation-francaise\/#article","isPartOf":{"@id":"http:\/\/stanislasberton.com\/index.php\/2019\/11\/16\/de-la-civilisation-francaise\/"},"author":{"name":"sberton","@id":"https:\/\/stanislasberton.com\/#\/schema\/person\/35b8ff927e855a1e6c5cc1921d61e08c"},"headline":"De la civilisation fran\u00e7aise","datePublished":"2019-11-16T14:57:00+00:00","dateModified":"2024-03-29T11:16:53+00:00","mainEntityOfPage":{"@id":"http:\/\/stanislasberton.com\/index.php\/2019\/11\/16\/de-la-civilisation-francaise\/"},"wordCount":2586,"commentCount":0,"publisher":{"@id":"https:\/\/stanislasberton.com\/#\/schema\/person\/35b8ff927e855a1e6c5cc1921d61e08c"},"image":{"@id":"http:\/\/stanislasberton.com\/index.php\/2019\/11\/16\/de-la-civilisation-francaise\/#primaryimage"},"thumbnailUrl":"http:\/\/stanislasberton.com\/wp-content\/uploads\/2022\/06\/Saint_michel-1024x747.jpeg","keywords":["christianisme","civilisation fran\u00e7aise","Dougine","sauver la France"],"articleSection":["Politique"],"inLanguage":"en-US","potentialAction":[{"@type":"CommentAction","name":"Comment","target":["http:\/\/stanislasberton.com\/index.php\/2019\/11\/16\/de-la-civilisation-francaise\/#respond"]}]},{"@type":"WebPage","@id":"http:\/\/stanislasberton.com\/index.php\/2019\/11\/16\/de-la-civilisation-francaise\/","url":"http:\/\/stanislasberton.com\/index.php\/2019\/11\/16\/de-la-civilisation-francaise\/","name":"De la civilisation fran\u00e7aise - Stanislas BERTON","isPartOf":{"@id":"https:\/\/stanislasberton.com\/#website"},"primaryImageOfPage":{"@id":"http:\/\/stanislasberton.com\/index.php\/2019\/11\/16\/de-la-civilisation-francaise\/#primaryimage"},"image":{"@id":"http:\/\/stanislasberton.com\/index.php\/2019\/11\/16\/de-la-civilisation-francaise\/#primaryimage"},"thumbnailUrl":"http:\/\/stanislasberton.com\/wp-content\/uploads\/2022\/06\/Saint_michel-1024x747.jpeg","datePublished":"2019-11-16T14:57:00+00:00","dateModified":"2024-03-29T11:16:53+00:00","breadcrumb":{"@id":"http:\/\/stanislasberton.com\/index.php\/2019\/11\/16\/de-la-civilisation-francaise\/#breadcrumb"},"inLanguage":"en-US","potentialAction":[{"@type":"ReadAction","target":["http:\/\/stanislasberton.com\/index.php\/2019\/11\/16\/de-la-civilisation-francaise\/"]}]},{"@type":"ImageObject","inLanguage":"en-US","@id":"http:\/\/stanislasberton.com\/index.php\/2019\/11\/16\/de-la-civilisation-francaise\/#primaryimage","url":"http:\/\/stanislasberton.com\/wp-content\/uploads\/2022\/06\/Saint_michel-1024x747.jpeg","contentUrl":"http:\/\/stanislasberton.com\/wp-content\/uploads\/2022\/06\/Saint_michel-1024x747.jpeg"},{"@type":"BreadcrumbList","@id":"http:\/\/stanislasberton.com\/index.php\/2019\/11\/16\/de-la-civilisation-francaise\/#breadcrumb","itemListElement":[{"@type":"ListItem","position":1,"name":"Home","item":"https:\/\/stanislasberton.com\/"},{"@type":"ListItem","position":2,"name":"De la civilisation fran\u00e7aise"}]},{"@type":"WebSite","@id":"https:\/\/stanislasberton.com\/#website","url":"https:\/\/stanislasberton.com\/","name":"Stanislas BERTON","description":"Quantum potes, tantum aude","publisher":{"@id":"https:\/\/stanislasberton.com\/#\/schema\/person\/35b8ff927e855a1e6c5cc1921d61e08c"},"potentialAction":[{"@type":"SearchAction","target":{"@type":"EntryPoint","urlTemplate":"https:\/\/stanislasberton.com\/?s={search_term_string}"},"query-input":{"@type":"PropertyValueSpecification","valueRequired":true,"valueName":"search_term_string"}}],"inLanguage":"en-US"},{"@type":["Person","Organization"],"@id":"https:\/\/stanislasberton.com\/#\/schema\/person\/35b8ff927e855a1e6c5cc1921d61e08c","name":"sberton","image":{"@type":"ImageObject","inLanguage":"en-US","@id":"https:\/\/secure.gravatar.com\/avatar\/fb8e1e50c000ff4ca889d1d62ef01059d7ab27264b271cefe3e51ae17f8f69af?s=96&r=g","url":"https:\/\/secure.gravatar.com\/avatar\/fb8e1e50c000ff4ca889d1d62ef01059d7ab27264b271cefe3e51ae17f8f69af?s=96&r=g","contentUrl":"https:\/\/secure.gravatar.com\/avatar\/fb8e1e50c000ff4ca889d1d62ef01059d7ab27264b271cefe3e51ae17f8f69af?s=96&r=g","caption":"sberton"},"logo":{"@id":"https:\/\/secure.gravatar.com\/avatar\/fb8e1e50c000ff4ca889d1d62ef01059d7ab27264b271cefe3e51ae17f8f69af?s=96&r=g"}}]}},"_links":{"self":[{"href":"http:\/\/stanislasberton.com\/index.php\/wp-json\/wp\/v2\/posts\/3531","targetHints":{"allow":["GET"]}}],"collection":[{"href":"http:\/\/stanislasberton.com\/index.php\/wp-json\/wp\/v2\/posts"}],"about":[{"href":"http:\/\/stanislasberton.com\/index.php\/wp-json\/wp\/v2\/types\/post"}],"author":[{"embeddable":true,"href":"http:\/\/stanislasberton.com\/index.php\/wp-json\/wp\/v2\/users\/1"}],"replies":[{"embeddable":true,"href":"http:\/\/stanislasberton.com\/index.php\/wp-json\/wp\/v2\/comments?post=3531"}],"version-history":[{"count":0,"href":"http:\/\/stanislasberton.com\/index.php\/wp-json\/wp\/v2\/posts\/3531\/revisions"}],"wp:attachment":[{"href":"http:\/\/stanislasberton.com\/index.php\/wp-json\/wp\/v2\/media?parent=3531"}],"wp:term":[{"taxonomy":"category","embeddable":true,"href":"http:\/\/stanislasberton.com\/index.php\/wp-json\/wp\/v2\/categories?post=3531"},{"taxonomy":"post_tag","embeddable":true,"href":"http:\/\/stanislasberton.com\/index.php\/wp-json\/wp\/v2\/tags?post=3531"}],"curies":[{"name":"wp","href":"https:\/\/api.w.org\/{rel}","templated":true}]}}