{"id":175,"date":"2019-11-07T10:46:00","date_gmt":"2019-11-07T09:46:00","guid":{"rendered":"http:\/\/stanislasberton.com\/?p=175"},"modified":"2024-03-29T12:14:12","modified_gmt":"2024-03-29T11:14:12","slug":"de-letrange-defaite","status":"publish","type":"post","link":"http:\/\/stanislasberton.com\/index.php\/2019\/11\/07\/de-letrange-defaite\/","title":{"rendered":"De l\u2019\u00c9trange D\u00e9faite"},"content":{"rendered":"\n<figure class=\"wp-block-image size-large\"><img loading=\"lazy\" decoding=\"async\" width=\"850\" height=\"400\" src=\"http:\/\/stanislasberton.com\/wp-content\/uploads\/2021\/03\/erdogan.jpg\" alt=\"\" class=\"wp-image-1736\" srcset=\"http:\/\/stanislasberton.com\/wp-content\/uploads\/2021\/03\/erdogan.jpg 850w, http:\/\/stanislasberton.com\/wp-content\/uploads\/2021\/03\/erdogan-300x141.jpg 300w, http:\/\/stanislasberton.com\/wp-content\/uploads\/2021\/03\/erdogan-768x361.jpg 768w, http:\/\/stanislasberton.com\/wp-content\/uploads\/2021\/03\/erdogan-620x292.jpg 620w\" sizes=\"auto, (max-width: 850px) 100vw, 850px\" \/><figcaption class=\"wp-element-caption\">&#8220;<em>Les mosqu\u00e9es sont nos casernes les d\u00f4mes nos casques, les minarets nos ba\u00efonnettes et les croyants nos soldats<\/em>&#8220;<\/figcaption><\/figure>\n\n\n\n<p>La lecture de l\u2019\u00ab&nbsp;\u00c9trange D\u00e9faite&nbsp;\u00bb de Marc Bloch, analyse aussi lucide que remarquable de la d\u00e9faite de juin 1940&nbsp; constitue une mine d\u2019information pour tous ceux qui s\u2019int\u00e9ressent \u00e0 la strat\u00e9gie militaire, \u00e0 la politique et \u00e0 l\u2019histoire. Pour Marc Bloch, t\u00e9moin direct des \u00e9v\u00e9nements, les causes de la d\u00e9faite fran\u00e7aise se trouvent avant tout dans l\u2019incomp\u00e9tence des chefs militaires, &nbsp;handicap\u00e9s par des postulats th\u00e9oriques faux et une inadaptation \u00e0 la nouvelle r\u00e9alit\u00e9 de la guerre moderne.<\/p>\n\n\n\n<p>Comme l\u2019explique Marc Bloch, l\u2019\u00e9tat-major fran\u00e7ais voulut refaire la guerre de 14-18 en juin 1940.<\/p>\n\n\n\n<p>L\u2019erreur principale des chefs militaires fran\u00e7ais est de n\u2019avoir pas\ncompris que la guerre motoris\u00e9e devait conduire \u00e0 une r\u00e9\u00e9valuation compl\u00e8te de\nla notion de distances. Bloch d\u00e9crit au fil des pages des forces fran\u00e7aises\nsans cesse prises de court par les sauts de puce et les perc\u00e9es rendues\npossibles par la motorisation importante des forces allemandes.<\/p>\n\n\n\n<p>Mais surtout Bloch explique qu&#8217;en 1940 le probl\u00e8me se situait \u00e0 un niveau plus profond. La grande faiblesse de l\u2019\u00e9tat-major<strong> fran\u00e7ais fut avant tout d\u2019avoir eu des plans uniquement brillants sur le papier. <\/strong><\/p>\n\n\n\n<p>En th\u00e9orie, les allemands allaient se fracasser contre la ligne Maginot et le front se stabiliser sur une ligne plus ou moins similaire \u00e0 celle de la premi\u00e8re guerre mondiale. De toute \u00e9vidence, les allemands ne re\u00e7urent pas le message. Quelle d\u00e9ception pour les fran\u00e7ais de constater que ces maudits allemands ne se trouvaient jamais l\u00e0 o\u00f9 ils \u00e9taient cens\u00e9s \u00eatre ! Bloch raconte m\u00eame comment un camarade officier faillit se faire b\u00eatement capturer en courant apr\u00e8s une colonne de chars allemands tant il \u00e9tait convaincu qu\u2019il \u00e9tait th\u00e9oriquement impossible que les allemands se trouvassent l\u00e0.<\/p>\n\n\n\n<p>Mais le plus troublant en lisant ce livre, c\u2019est de constater que quatre-vingt ans plus tard, <strong>la France refait exactement les m\u00eame erreurs et s\u2019appr\u00eate \u00e0 rejouer, cette fois avec l\u2019islam, un mauvais remake de l\u2019\u00c9trange D\u00e9faite. <\/strong>Tout comme ceux l\u2019\u00e9tat-major de 1940, les postulats de nos dirigeants sont faux et leur \u00e9tat d\u2019esprit compl\u00e8tement inadapt\u00e9 \u00e0 la guerre qui est aujourd\u2019hui men\u00e9e \u00e0 la France.<\/p>\n\n\n\n<p>N\u2019ayant de toute \u00e9vidence, jamais ouvert un Coran ou eu la curiosit\u00e9 d\u2019esprit de s\u2019int\u00e9resser \u00e0 <a href=\"http:\/\/stanislasberton.com\/index.php\/2019\/10\/27\/de-lislam\/\">la th\u00e9ologie islamique<\/a>, ils continuent de mettre sur le m\u00eame plan l\u2019islam, le christianisme et le juda\u00efsme, sans comprendre que l\u2019islam&nbsp; est avant tout un syst\u00e8me politico-religieux fond\u00e9 sur la soumission qui s\u2019oppose radicalement \u00e0 la pens\u00e9e europ\u00e9enne fond\u00e9e sur l\u2019\u00e9mancipation. Incapables de le comprendre et d\u2019admettre l\u2019antagonisme fondamental et historique&nbsp; entre le monde chr\u00e9tien et la civilisation arabo-musulmane, nos dirigeants s\u2019obstinent \u00e0 croire qu\u2019il suffira d\u2019investir dans l\u2019\u00e9ducation, l\u2019emploi et dans les quartiers pour faire de ceux qui y r\u00e9sident de bons fran\u00e7ais la\u00efques et r\u00e9publicains<strong> <\/strong>car sur le papier, c\u2019est un mod\u00e8le qui devrait tr\u00e8s bien fonctionner.<\/p>\n\n\n\n<p>Nos dirigeants refusent  \u00e9galement de voir que, confront\u00e9 \u00e0 notre faiblesse, \u00e0 notre <a href=\"http:\/\/stanislasberton.com\/index.php\/2019\/11\/16\/du-grand-remplacement\/\">d\u00e9mographie d\u00e9clinante <\/a>et notre refus de l\u2019intransigeance, l\u2019islam se sent de plus en plus fort et de plus en plus en position de tout exiger. Dup\u00e9s par la <em>taquiya<\/em>, cette strat\u00e9gie de la dissimulation, nos dirigeants continuent, malgr\u00e9 l\u2019attentat \u00e0 la pr\u00e9fecture de police de Paris, \u00e0 ne pas voir que l\u2019islam s\u2019infiltre partout&nbsp;: arm\u00e9e, police, \u00e9ducation, transport, administration mais aussi t\u00e9l\u00e9communications et \u00e9nergie.&nbsp; <strong>Le jour viendra, quand le mot d\u2019ordre sera donn\u00e9, o\u00f9 ils d\u00e9couvriront avec effroi &nbsp;qu&#8217;une v\u00e9ritable cinqui\u00e8me colonne s\u2019est donn\u00e9e les moyens de contr\u00f4ler une bonne partie des secteurs strat\u00e9giques du pays et de paralyser enti\u00e8rement ce dernier.<\/strong><\/p>\n\n\n\n<p>Mais surtout comme leurs illustres anc\u00eatres de 1940, nos pi\u00e8tres strat\u00e8ges continuent d\u2019avoir eux aussi une guerre de retard. Mentalement, ils continuent de fonctionner sur le vieux logiciel de l\u2019apr\u00e8s-guerre selon lequel tout serait \u00e9conomique. <strong>Refaisant la guerre de 1960 plut\u00f4t que celle de 2019, ils n\u2019ont pas compris que le XXIe si\u00e8cle sera celui du retour des identit\u00e9s, des nations et des religions<\/strong> et que les guerres seront essentiellement des conflits internes pour l\u2019affirmation de la sup\u00e9riorit\u00e9 d\u2019un groupe sur un autre et le contr\u00f4le de ressources de plus en plus rares. Dans cette guerre, essentiellement men\u00e9e contre l\u2019Occident, la d\u00e9mographie et les syst\u00e8mes politico-religieux occupent une place critique.<\/p>\n\n\n\n<p>En 2019 comme en 1940, une poign\u00e9e d\u2019esprits lucides a pris conscience du danger et active le signal d\u2019alarme pour \u00e9viter le pire. Comme en 1940, ils sont peu \u00e9cout\u00e9s ou mal compris. <strong>Comme en 1940, l\u2019incomp\u00e9tence des chefs et le refus de remettre radicalement en cause la th\u00e9orie quand elle se trouve d\u00e9mentie par la pratique sont en train de conduire la France au bord du gouffre.<\/strong><\/p>\n\n\n\n<p>En 1945, la France \u00e9chappa de peu \u00e0 l\u2019an\u00e9antissement et \u00e0 la soumission. Plut\u00f4t que de s\u2019en remettre \u00e0 chaque fois in-extremis \u00e0 un miracle et \u00e0 l\u2019intervention d\u2019un homme providentiel, la France ferait mieux d\u2019apprendre les le\u00e7ons de l\u2019histoire et de changer de logiciel mais encore faut-il avoir conscience de ses d\u00e9fauts pour esp\u00e9rer pouvoir les corriger.<\/p>\n\n\n\n<p>Le miracle n&#8217;est pas une strat\u00e9gie. <\/p>\n\n\n\n<p>Note (2022) :<\/p>\n\n\n\n<p>Depuis la publication de cet article en 2019, mon travail de recherche m&#8217;a conduit \u00e0 prendre conscience de l&#8217;existence des <a href=\"http:\/\/stanislasberton.com\/index.php\/2019\/11\/16\/des-mondialistes\/\">r\u00e9seaux mondialistes<\/a> ainsi que de leur r\u00f4le dans l&#8217;islamisation de la France, notamment via l&#8217;action de Fr\u00e8res Musulmans, branche &#8220;islam&#8221; du mondialisme. Cette pr\u00e9cision n&#8217;enl\u00e8ve rien au probl\u00e8me de l\u2019islamisation de la soci\u00e9t\u00e9 fran\u00e7aise, \u00e0 l&#8217;infiltration de ses secteurs cl\u00e9s, ainsi qu&#8217;\u00e0 celui de la pr\u00e9sence sur une terre historiquement chr\u00e9tienne d&#8217;une importante population musulmane, consciente qu&#8217;il lui suffit de jouer la montre pour gagner la partie par K.O d\u00e9mographique. <\/p>\n\n\n\n<p>Pour aller plus loin: <\/p>\n\n\n\n<p><a href=\"https:\/\/www.les-crises.fr\/la-confrerie-des-freres-musulmans\/\">La confr\u00e9rie des Fr\u00e8res Musulmans <\/a><\/p>\n\n\n\n<p>Le projet, Alexandre Del Valle <\/p>\n","protected":false},"excerpt":{"rendered":"<p>La lecture de l\u2019\u00ab&nbsp;\u00c9trange D\u00e9faite&nbsp;\u00bb de Marc Bloch, analyse aussi lucide que remarquable de la d\u00e9faite de juin 1940&nbsp; constitue une mine d\u2019information pour tous ceux qui s\u2019int\u00e9ressent \u00e0 la strat\u00e9gie militaire, \u00e0 la politique et \u00e0 l\u2019histoire. Pour Marc Bloch, t\u00e9moin direct des \u00e9v\u00e9nements, les causes de la d\u00e9faite fran\u00e7aise se trouvent avant tout [&hellip;]<\/p>\n","protected":false},"author":1,"featured_media":0,"comment_status":"open","ping_status":"closed","sticky":false,"template":"","format":"standard","meta":{"footnotes":""},"categories":[2],"tags":[28,30,29],"class_list":["post-175","post","type-post","status-publish","format-standard","hentry","category-politique","tag-etrange-defaite","tag-islam","tag-march-bloch"],"yoast_head":"<!-- This site is optimized with the Yoast SEO plugin v27.4 - https:\/\/yoast.com\/product\/yoast-seo-wordpress\/ -->\n<title>De l\u2019\u00c9trange D\u00e9faite - Stanislas BERTON<\/title>\n<meta name=\"robots\" content=\"index, follow, max-snippet:-1, max-image-preview:large, max-video-preview:-1\" \/>\n<link rel=\"canonical\" href=\"https:\/\/stanislasberton.com\/index.php\/2019\/11\/07\/de-letrange-defaite\/\" \/>\n<meta property=\"og:locale\" content=\"en_US\" \/>\n<meta property=\"og:type\" content=\"article\" \/>\n<meta property=\"og:title\" content=\"De l\u2019\u00c9trange D\u00e9faite - Stanislas BERTON\" \/>\n<meta property=\"og:description\" content=\"La lecture de l\u2019\u00ab&nbsp;\u00c9trange D\u00e9faite&nbsp;\u00bb de Marc Bloch, analyse aussi lucide que remarquable de la d\u00e9faite de juin 1940&nbsp; constitue une mine d\u2019information pour tous ceux qui s\u2019int\u00e9ressent \u00e0 la strat\u00e9gie militaire, \u00e0 la politique et \u00e0 l\u2019histoire. Pour Marc Bloch, t\u00e9moin direct des \u00e9v\u00e9nements, les causes de la d\u00e9faite fran\u00e7aise se trouvent avant tout [&hellip;]\" \/>\n<meta property=\"og:url\" content=\"https:\/\/stanislasberton.com\/index.php\/2019\/11\/07\/de-letrange-defaite\/\" \/>\n<meta property=\"og:site_name\" content=\"Stanislas BERTON\" \/>\n<meta property=\"article:published_time\" content=\"2019-11-07T09:46:00+00:00\" \/>\n<meta property=\"article:modified_time\" content=\"2024-03-29T11:14:12+00:00\" \/>\n<meta property=\"og:image\" content=\"http:\/\/stanislasberton.com\/wp-content\/uploads\/2021\/03\/erdogan.jpg\" \/>\n<meta name=\"author\" content=\"sberton\" \/>\n<meta name=\"twitter:card\" content=\"summary_large_image\" \/>\n<meta name=\"twitter:label1\" content=\"Written by\" \/>\n\t<meta name=\"twitter:data1\" content=\"sberton\" \/>\n\t<meta name=\"twitter:label2\" content=\"Est. reading time\" \/>\n\t<meta name=\"twitter:data2\" content=\"5 minutes\" \/>\n<script type=\"application\/ld+json\" class=\"yoast-schema-graph\">{\"@context\":\"https:\\\/\\\/schema.org\",\"@graph\":[{\"@type\":\"Article\",\"@id\":\"https:\\\/\\\/stanislasberton.com\\\/index.php\\\/2019\\\/11\\\/07\\\/de-letrange-defaite\\\/#article\",\"isPartOf\":{\"@id\":\"https:\\\/\\\/stanislasberton.com\\\/index.php\\\/2019\\\/11\\\/07\\\/de-letrange-defaite\\\/\"},\"author\":{\"name\":\"sberton\",\"@id\":\"https:\\\/\\\/stanislasberton.com\\\/#\\\/schema\\\/person\\\/35b8ff927e855a1e6c5cc1921d61e08c\"},\"headline\":\"De l\u2019\u00c9trange D\u00e9faite\",\"datePublished\":\"2019-11-07T09:46:00+00:00\",\"dateModified\":\"2024-03-29T11:14:12+00:00\",\"mainEntityOfPage\":{\"@id\":\"https:\\\/\\\/stanislasberton.com\\\/index.php\\\/2019\\\/11\\\/07\\\/de-letrange-defaite\\\/\"},\"wordCount\":1091,\"commentCount\":0,\"publisher\":{\"@id\":\"https:\\\/\\\/stanislasberton.com\\\/#\\\/schema\\\/person\\\/35b8ff927e855a1e6c5cc1921d61e08c\"},\"image\":{\"@id\":\"https:\\\/\\\/stanislasberton.com\\\/index.php\\\/2019\\\/11\\\/07\\\/de-letrange-defaite\\\/#primaryimage\"},\"thumbnailUrl\":\"http:\\\/\\\/stanislasberton.com\\\/wp-content\\\/uploads\\\/2021\\\/03\\\/erdogan.jpg\",\"keywords\":[\"\u00e9trange d\u00e9faite\",\"islam\",\"March Bloch\"],\"articleSection\":[\"Politique\"],\"inLanguage\":\"en-US\",\"potentialAction\":[{\"@type\":\"CommentAction\",\"name\":\"Comment\",\"target\":[\"https:\\\/\\\/stanislasberton.com\\\/index.php\\\/2019\\\/11\\\/07\\\/de-letrange-defaite\\\/#respond\"]}]},{\"@type\":\"WebPage\",\"@id\":\"https:\\\/\\\/stanislasberton.com\\\/index.php\\\/2019\\\/11\\\/07\\\/de-letrange-defaite\\\/\",\"url\":\"https:\\\/\\\/stanislasberton.com\\\/index.php\\\/2019\\\/11\\\/07\\\/de-letrange-defaite\\\/\",\"name\":\"De l\u2019\u00c9trange D\u00e9faite - Stanislas BERTON\",\"isPartOf\":{\"@id\":\"https:\\\/\\\/stanislasberton.com\\\/#website\"},\"primaryImageOfPage\":{\"@id\":\"https:\\\/\\\/stanislasberton.com\\\/index.php\\\/2019\\\/11\\\/07\\\/de-letrange-defaite\\\/#primaryimage\"},\"image\":{\"@id\":\"https:\\\/\\\/stanislasberton.com\\\/index.php\\\/2019\\\/11\\\/07\\\/de-letrange-defaite\\\/#primaryimage\"},\"thumbnailUrl\":\"http:\\\/\\\/stanislasberton.com\\\/wp-content\\\/uploads\\\/2021\\\/03\\\/erdogan.jpg\",\"datePublished\":\"2019-11-07T09:46:00+00:00\",\"dateModified\":\"2024-03-29T11:14:12+00:00\",\"breadcrumb\":{\"@id\":\"https:\\\/\\\/stanislasberton.com\\\/index.php\\\/2019\\\/11\\\/07\\\/de-letrange-defaite\\\/#breadcrumb\"},\"inLanguage\":\"en-US\",\"potentialAction\":[{\"@type\":\"ReadAction\",\"target\":[\"https:\\\/\\\/stanislasberton.com\\\/index.php\\\/2019\\\/11\\\/07\\\/de-letrange-defaite\\\/\"]}]},{\"@type\":\"ImageObject\",\"inLanguage\":\"en-US\",\"@id\":\"https:\\\/\\\/stanislasberton.com\\\/index.php\\\/2019\\\/11\\\/07\\\/de-letrange-defaite\\\/#primaryimage\",\"url\":\"http:\\\/\\\/stanislasberton.com\\\/wp-content\\\/uploads\\\/2021\\\/03\\\/erdogan.jpg\",\"contentUrl\":\"http:\\\/\\\/stanislasberton.com\\\/wp-content\\\/uploads\\\/2021\\\/03\\\/erdogan.jpg\",\"width\":850,\"height\":400},{\"@type\":\"BreadcrumbList\",\"@id\":\"https:\\\/\\\/stanislasberton.com\\\/index.php\\\/2019\\\/11\\\/07\\\/de-letrange-defaite\\\/#breadcrumb\",\"itemListElement\":[{\"@type\":\"ListItem\",\"position\":1,\"name\":\"Home\",\"item\":\"https:\\\/\\\/stanislasberton.com\\\/\"},{\"@type\":\"ListItem\",\"position\":2,\"name\":\"De l\u2019\u00c9trange D\u00e9faite\"}]},{\"@type\":\"WebSite\",\"@id\":\"https:\\\/\\\/stanislasberton.com\\\/#website\",\"url\":\"https:\\\/\\\/stanislasberton.com\\\/\",\"name\":\"Stanislas BERTON\",\"description\":\"Quantum potes, tantum aude\",\"publisher\":{\"@id\":\"https:\\\/\\\/stanislasberton.com\\\/#\\\/schema\\\/person\\\/35b8ff927e855a1e6c5cc1921d61e08c\"},\"potentialAction\":[{\"@type\":\"SearchAction\",\"target\":{\"@type\":\"EntryPoint\",\"urlTemplate\":\"https:\\\/\\\/stanislasberton.com\\\/?s={search_term_string}\"},\"query-input\":{\"@type\":\"PropertyValueSpecification\",\"valueRequired\":true,\"valueName\":\"search_term_string\"}}],\"inLanguage\":\"en-US\"},{\"@type\":[\"Person\",\"Organization\"],\"@id\":\"https:\\\/\\\/stanislasberton.com\\\/#\\\/schema\\\/person\\\/35b8ff927e855a1e6c5cc1921d61e08c\",\"name\":\"sberton\",\"image\":{\"@type\":\"ImageObject\",\"inLanguage\":\"en-US\",\"@id\":\"https:\\\/\\\/secure.gravatar.com\\\/avatar\\\/fb8e1e50c000ff4ca889d1d62ef01059d7ab27264b271cefe3e51ae17f8f69af?s=96&r=g\",\"url\":\"https:\\\/\\\/secure.gravatar.com\\\/avatar\\\/fb8e1e50c000ff4ca889d1d62ef01059d7ab27264b271cefe3e51ae17f8f69af?s=96&r=g\",\"contentUrl\":\"https:\\\/\\\/secure.gravatar.com\\\/avatar\\\/fb8e1e50c000ff4ca889d1d62ef01059d7ab27264b271cefe3e51ae17f8f69af?s=96&r=g\",\"caption\":\"sberton\"},\"logo\":{\"@id\":\"https:\\\/\\\/secure.gravatar.com\\\/avatar\\\/fb8e1e50c000ff4ca889d1d62ef01059d7ab27264b271cefe3e51ae17f8f69af?s=96&r=g\"}}]}<\/script>\n<!-- \/ Yoast SEO plugin. -->","yoast_head_json":{"title":"De l\u2019\u00c9trange D\u00e9faite - Stanislas BERTON","robots":{"index":"index","follow":"follow","max-snippet":"max-snippet:-1","max-image-preview":"max-image-preview:large","max-video-preview":"max-video-preview:-1"},"canonical":"https:\/\/stanislasberton.com\/index.php\/2019\/11\/07\/de-letrange-defaite\/","og_locale":"en_US","og_type":"article","og_title":"De l\u2019\u00c9trange D\u00e9faite - Stanislas BERTON","og_description":"La lecture de l\u2019\u00ab&nbsp;\u00c9trange D\u00e9faite&nbsp;\u00bb de Marc Bloch, analyse aussi lucide que remarquable de la d\u00e9faite de juin 1940&nbsp; constitue une mine d\u2019information pour tous ceux qui s\u2019int\u00e9ressent \u00e0 la strat\u00e9gie militaire, \u00e0 la politique et \u00e0 l\u2019histoire. Pour Marc Bloch, t\u00e9moin direct des \u00e9v\u00e9nements, les causes de la d\u00e9faite fran\u00e7aise se trouvent avant tout [&hellip;]","og_url":"https:\/\/stanislasberton.com\/index.php\/2019\/11\/07\/de-letrange-defaite\/","og_site_name":"Stanislas BERTON","article_published_time":"2019-11-07T09:46:00+00:00","article_modified_time":"2024-03-29T11:14:12+00:00","og_image":[{"url":"http:\/\/stanislasberton.com\/wp-content\/uploads\/2021\/03\/erdogan.jpg","type":"","width":"","height":""}],"author":"sberton","twitter_card":"summary_large_image","twitter_misc":{"Written by":"sberton","Est. reading time":"5 minutes"},"schema":{"@context":"https:\/\/schema.org","@graph":[{"@type":"Article","@id":"https:\/\/stanislasberton.com\/index.php\/2019\/11\/07\/de-letrange-defaite\/#article","isPartOf":{"@id":"https:\/\/stanislasberton.com\/index.php\/2019\/11\/07\/de-letrange-defaite\/"},"author":{"name":"sberton","@id":"https:\/\/stanislasberton.com\/#\/schema\/person\/35b8ff927e855a1e6c5cc1921d61e08c"},"headline":"De l\u2019\u00c9trange D\u00e9faite","datePublished":"2019-11-07T09:46:00+00:00","dateModified":"2024-03-29T11:14:12+00:00","mainEntityOfPage":{"@id":"https:\/\/stanislasberton.com\/index.php\/2019\/11\/07\/de-letrange-defaite\/"},"wordCount":1091,"commentCount":0,"publisher":{"@id":"https:\/\/stanislasberton.com\/#\/schema\/person\/35b8ff927e855a1e6c5cc1921d61e08c"},"image":{"@id":"https:\/\/stanislasberton.com\/index.php\/2019\/11\/07\/de-letrange-defaite\/#primaryimage"},"thumbnailUrl":"http:\/\/stanislasberton.com\/wp-content\/uploads\/2021\/03\/erdogan.jpg","keywords":["\u00e9trange d\u00e9faite","islam","March Bloch"],"articleSection":["Politique"],"inLanguage":"en-US","potentialAction":[{"@type":"CommentAction","name":"Comment","target":["https:\/\/stanislasberton.com\/index.php\/2019\/11\/07\/de-letrange-defaite\/#respond"]}]},{"@type":"WebPage","@id":"https:\/\/stanislasberton.com\/index.php\/2019\/11\/07\/de-letrange-defaite\/","url":"https:\/\/stanislasberton.com\/index.php\/2019\/11\/07\/de-letrange-defaite\/","name":"De l\u2019\u00c9trange D\u00e9faite - Stanislas BERTON","isPartOf":{"@id":"https:\/\/stanislasberton.com\/#website"},"primaryImageOfPage":{"@id":"https:\/\/stanislasberton.com\/index.php\/2019\/11\/07\/de-letrange-defaite\/#primaryimage"},"image":{"@id":"https:\/\/stanislasberton.com\/index.php\/2019\/11\/07\/de-letrange-defaite\/#primaryimage"},"thumbnailUrl":"http:\/\/stanislasberton.com\/wp-content\/uploads\/2021\/03\/erdogan.jpg","datePublished":"2019-11-07T09:46:00+00:00","dateModified":"2024-03-29T11:14:12+00:00","breadcrumb":{"@id":"https:\/\/stanislasberton.com\/index.php\/2019\/11\/07\/de-letrange-defaite\/#breadcrumb"},"inLanguage":"en-US","potentialAction":[{"@type":"ReadAction","target":["https:\/\/stanislasberton.com\/index.php\/2019\/11\/07\/de-letrange-defaite\/"]}]},{"@type":"ImageObject","inLanguage":"en-US","@id":"https:\/\/stanislasberton.com\/index.php\/2019\/11\/07\/de-letrange-defaite\/#primaryimage","url":"http:\/\/stanislasberton.com\/wp-content\/uploads\/2021\/03\/erdogan.jpg","contentUrl":"http:\/\/stanislasberton.com\/wp-content\/uploads\/2021\/03\/erdogan.jpg","width":850,"height":400},{"@type":"BreadcrumbList","@id":"https:\/\/stanislasberton.com\/index.php\/2019\/11\/07\/de-letrange-defaite\/#breadcrumb","itemListElement":[{"@type":"ListItem","position":1,"name":"Home","item":"https:\/\/stanislasberton.com\/"},{"@type":"ListItem","position":2,"name":"De l\u2019\u00c9trange D\u00e9faite"}]},{"@type":"WebSite","@id":"https:\/\/stanislasberton.com\/#website","url":"https:\/\/stanislasberton.com\/","name":"Stanislas BERTON","description":"Quantum potes, tantum aude","publisher":{"@id":"https:\/\/stanislasberton.com\/#\/schema\/person\/35b8ff927e855a1e6c5cc1921d61e08c"},"potentialAction":[{"@type":"SearchAction","target":{"@type":"EntryPoint","urlTemplate":"https:\/\/stanislasberton.com\/?s={search_term_string}"},"query-input":{"@type":"PropertyValueSpecification","valueRequired":true,"valueName":"search_term_string"}}],"inLanguage":"en-US"},{"@type":["Person","Organization"],"@id":"https:\/\/stanislasberton.com\/#\/schema\/person\/35b8ff927e855a1e6c5cc1921d61e08c","name":"sberton","image":{"@type":"ImageObject","inLanguage":"en-US","@id":"https:\/\/secure.gravatar.com\/avatar\/fb8e1e50c000ff4ca889d1d62ef01059d7ab27264b271cefe3e51ae17f8f69af?s=96&r=g","url":"https:\/\/secure.gravatar.com\/avatar\/fb8e1e50c000ff4ca889d1d62ef01059d7ab27264b271cefe3e51ae17f8f69af?s=96&r=g","contentUrl":"https:\/\/secure.gravatar.com\/avatar\/fb8e1e50c000ff4ca889d1d62ef01059d7ab27264b271cefe3e51ae17f8f69af?s=96&r=g","caption":"sberton"},"logo":{"@id":"https:\/\/secure.gravatar.com\/avatar\/fb8e1e50c000ff4ca889d1d62ef01059d7ab27264b271cefe3e51ae17f8f69af?s=96&r=g"}}]}},"_links":{"self":[{"href":"http:\/\/stanislasberton.com\/index.php\/wp-json\/wp\/v2\/posts\/175","targetHints":{"allow":["GET"]}}],"collection":[{"href":"http:\/\/stanislasberton.com\/index.php\/wp-json\/wp\/v2\/posts"}],"about":[{"href":"http:\/\/stanislasberton.com\/index.php\/wp-json\/wp\/v2\/types\/post"}],"author":[{"embeddable":true,"href":"http:\/\/stanislasberton.com\/index.php\/wp-json\/wp\/v2\/users\/1"}],"replies":[{"embeddable":true,"href":"http:\/\/stanislasberton.com\/index.php\/wp-json\/wp\/v2\/comments?post=175"}],"version-history":[{"count":0,"href":"http:\/\/stanislasberton.com\/index.php\/wp-json\/wp\/v2\/posts\/175\/revisions"}],"wp:attachment":[{"href":"http:\/\/stanislasberton.com\/index.php\/wp-json\/wp\/v2\/media?parent=175"}],"wp:term":[{"taxonomy":"category","embeddable":true,"href":"http:\/\/stanislasberton.com\/index.php\/wp-json\/wp\/v2\/categories?post=175"},{"taxonomy":"post_tag","embeddable":true,"href":"http:\/\/stanislasberton.com\/index.php\/wp-json\/wp\/v2\/tags?post=175"}],"curies":[{"name":"wp","href":"https:\/\/api.w.org\/{rel}","templated":true}]}}